{"id":24694,"date":"2020-11-29T12:00:18","date_gmt":"2020-11-29T12:00:18","guid":{"rendered":"http:\/\/rodolfomartino.com.br\/blog\/?p=24694"},"modified":"2020-11-30T03:17:27","modified_gmt":"2020-11-30T03:17:27","slug":"a-cor-da-vida-19","status":"publish","type":"post","link":"http:\/\/rodolfomartino.com.br\/blog\/a-cor-da-vida-19\/","title":{"rendered":"A Cor da Vida (19)"},"content":{"rendered":"<p><em>Foto: Arquivo Pessoal<\/em><\/p>\n<p>&#8230;<\/p>\n<p><strong>19 &#8211; O CORUJ\u00c3O<\/strong><\/p>\n<p>Para ser bem sincero, nunca entendi direito o que realmente estava acontecendo.<\/p>\n<p>Disse isso para a minha m\u00e3e, a Denise.<\/p>\n<p>Vi que ela respirou fundo antes de me responder.<\/p>\n<p>Pensou um instante, e respondeu:<\/p>\n<p>&#8211; Ningu\u00e9m est\u00e1, Mingo. Vivemos hoje uma grande e amea\u00e7adora interroga\u00e7\u00e3o.<\/p>\n<p>*<\/p>\n<p>Preferi n\u00e3o esticar o assunto.<\/p>\n<p>A m\u00e3e me pareceu ter ficado ainda mais triste.<\/p>\n<p>N\u00e3o toquei mais no assunto.<\/p>\n<p>Todos andavam desconfiados e cabisbaixos.<\/p>\n<p>Estava bem estranho. T\u00e3o estranho que os dias se passaram sem que eu me desse conta.<\/p>\n<p>S\u00e1bado, domingo, segunda, ter\u00e7a&#8230;<\/p>\n<p>Era tudo igual.<\/p>\n<p>Silenciosamente igual.<\/p>\n<p>&#8230;<\/p>\n<p>At\u00e9 que, em determinada manh\u00e3, tive a surpresa.<\/p>\n<p>Quando acordei, o Enzo j\u00e1 n\u00e3o estava mais na pousada.<\/p>\n<p>Bateu em mim um estranhamento ainda maior.<\/p>\n<p>&#8211; E agora<\/p>\n<p>Ser\u00e1 que foi tudo um sonho?<\/p>\n<p>Ou os dias que voaram mesmo?<\/p>\n<p>Loucura isso de misturar quarentena e f\u00e9rias!<\/p>\n<p>Na real?<\/p>\n<p>Os dias voaram, sim.<\/p>\n<p>*<\/p>\n<p>O Sr. Ambr\u00f3sio foi quem me deu a not\u00edcia.<\/p>\n<p>Disse que &#8220;o nosso amigo&#8221; embarcou no voo da meia-noite que chamam de Coruj\u00e3o.<\/p>\n<p>&#8211; Quem?<\/p>\n<p>&#8211; O nosso amigo, o Enzo.<\/p>\n<p>Achei um pouco esquisito.<\/p>\n<p>Mas me fiz de adulto.<\/p>\n<p>H\u00e3h\u00e3, respondi, como se j\u00e1 soubesse de tudo.<\/p>\n<p>*<\/p>\n<p>Na real?<\/p>\n<p>Temi um pouco pela sorte do Enzo porque algu\u00e9m me falou que coruja d\u00e1 azar.<\/p>\n<p>Imagine um Coruj\u00e3o em tempo de pandemia? Cruz credo! Bate na madeira. Tr\u00eas vezes. Toc. Toc, Toc.<\/p>\n<p>Corri contar para minha m\u00e3e sobre o meu temor.<\/p>\n<p>E adivinhem?<\/p>\n<p>&#8211; Domingos, n\u00e3o fale bobagem.<\/p>\n<p>&#8211; Mas, m\u00e3e, eu\u2026<\/p>\n<p>&#8211; D_o_m_i_n_g_o_s!!!<\/p>\n<p>*<\/p>\n<p>Sr. Ambr\u00f3sio ainda tentou me explicar o porqu\u00ea a pressa de embarcar.<\/p>\n<p>Enzo foi encontrar o editor dele e entregar o original do conto que acabara de escrever para um concurso liter\u00e1rio em Portugal.<\/p>\n<p>(Desconfio quem &#8220;sou&#8221; o personagem.)<\/p>\n<p>Fiquei um pouquinho curioso. Mas, disfarcei:<\/p>\n<p>&#8211; N\u00e3o era um livro? \u2013 perguntei.<\/p>\n<p>&#8211; O livro vem depois, menino. O que o Enzo mais gosta de fazer \u00e9 contar hist\u00f3rias. Tamb\u00e9m gosta muito de viajar. Tomara que volte logo. Sentirei a falta das nossas conversas e de ter com quem compartilhar o vinho. Ele \u00e9 um grande amigo.<\/p>\n<p>*<\/p>\n<p>Puxa, o Sr. Ambr\u00f3sio admira e curte mesmo o Enzo. Bom ter amigos legais.<\/p>\n<p>Pensei comigo mesmo.<\/p>\n<p>\u00c9 isso!<\/p>\n<p>Eu tamb\u00e9m gosto de viajar (especialmente para a Argentina para ver o meu pai). E acho que aprendi com o Enzo a contar hist\u00f3rias.<\/p>\n<p>Ser\u00e1 que vou ser escritor?<\/p>\n<p>Farei do Enzo um personagem bacanudo,<\/p>\n<p>O que voc\u00eas, a\u00ed, do outro lado da telinha acham?<\/p>\n<p>Posso come\u00e7ar a treinar desde j\u00e1. O que acham de eu escrever o di\u00e1rio dessas f\u00e9rias que, de repente, virou pandemia, entristeceu as pessoas e acabou em quarentena?<\/p>\n<p>E a\u00ed?<\/p>\n<p>O que acham?<\/p>\n<p>Vai ficar legal?<\/p>\n<p>&#8230;<\/p>\n<p><em>Termina amanh\u00e3&#8230;<\/em><\/p>\n<p>&#8230;<\/p>\n<p><iframe loading=\"lazy\" src=\"https:\/\/www.youtube.com\/embed\/lw-1-oWhfT0\" width=\"560\" height=\"315\" frameborder=\"0\" allowfullscreen=\"allowfullscreen\"><\/iframe><\/p>\n<p>&#8230;<\/p>\n","protected":false},"excerpt":{"rendered":"<p><em>Foto: Arquivo Pessoal<\/em><\/p>\n<p>&#8230;<\/p>\n<p><strong>19 &#8211; O CORUJ\u00c3O<\/strong><\/p>\n<p>Para ser bem sincero, nunca entendi direito o que realmente estava acontecendo.<\/p>\n<p>Disse isso para a minha m\u00e3e,<\/p>\n","protected":false},"author":1,"featured_media":24708,"comment_status":"open","ping_status":"open","sticky":false,"template":"","format":"standard","meta":{"_exactmetrics_skip_tracking":false,"_uf_show_specific_survey":0,"_uf_disable_surveys":false,"footnotes":""},"categories":[5],"tags":[1746,1749,75,1163,1748,1747,1118,653,1162],"class_list":["post-24694","post","type-post","status-publish","format-standard","has-post-thumbnail","hentry","category-blog","tag-a-cor-da-vida","tag-arraial-dajuda","tag-futebol","tag-isolamento-social","tag-mingo","tag-o-conto","tag-pandemia","tag-praia","tag-quarentena"],"_links":{"self":[{"href":"http:\/\/rodolfomartino.com.br\/blog\/wp-json\/wp\/v2\/posts\/24694","targetHints":{"allow":["GET"]}}],"collection":[{"href":"http:\/\/rodolfomartino.com.br\/blog\/wp-json\/wp\/v2\/posts"}],"about":[{"href":"http:\/\/rodolfomartino.com.br\/blog\/wp-json\/wp\/v2\/types\/post"}],"author":[{"embeddable":true,"href":"http:\/\/rodolfomartino.com.br\/blog\/wp-json\/wp\/v2\/users\/1"}],"replies":[{"embeddable":true,"href":"http:\/\/rodolfomartino.com.br\/blog\/wp-json\/wp\/v2\/comments?post=24694"}],"version-history":[{"count":8,"href":"http:\/\/rodolfomartino.com.br\/blog\/wp-json\/wp\/v2\/posts\/24694\/revisions"}],"predecessor-version":[{"id":24753,"href":"http:\/\/rodolfomartino.com.br\/blog\/wp-json\/wp\/v2\/posts\/24694\/revisions\/24753"}],"wp:featuredmedia":[{"embeddable":true,"href":"http:\/\/rodolfomartino.com.br\/blog\/wp-json\/wp\/v2\/media\/24708"}],"wp:attachment":[{"href":"http:\/\/rodolfomartino.com.br\/blog\/wp-json\/wp\/v2\/media?parent=24694"}],"wp:term":[{"taxonomy":"category","embeddable":true,"href":"http:\/\/rodolfomartino.com.br\/blog\/wp-json\/wp\/v2\/categories?post=24694"},{"taxonomy":"post_tag","embeddable":true,"href":"http:\/\/rodolfomartino.com.br\/blog\/wp-json\/wp\/v2\/tags?post=24694"}],"curies":[{"name":"wp","href":"https:\/\/api.w.org\/{rel}","templated":true}]}}