{"id":24755,"date":"2020-12-01T06:15:58","date_gmt":"2020-12-01T06:15:58","guid":{"rendered":"http:\/\/rodolfomartino.com.br\/blog\/?p=24755"},"modified":"2020-12-01T15:18:55","modified_gmt":"2020-12-01T15:18:55","slug":"boas-vindas-a-dezembro","status":"publish","type":"post","link":"http:\/\/rodolfomartino.com.br\/blog\/boas-vindas-a-dezembro\/","title":{"rendered":"Boas vindas"},"content":{"rendered":"<p><em>Foto: Wilson Luque<\/em><\/p>\n<p>&#8230;<\/p>\n<p>Sempre dou boas vindas ao m\u00eas de dezembro, aqui, no Blog.<\/p>\n<p>Reitero hoje a tradi\u00e7\u00e3o,\u00a0algo desalentado, mas com renovada\u00a0 esperan\u00e7a de dias melhores. Para todos!<\/p>\n<p><em>(Algu\u00e9m me diz para n\u00e3o usar tanto ponto de exclama\u00e7\u00e3o. Seguirei o conselho!)<\/em><\/p>\n<p>&#8230;<\/p>\n<p>Trata-se de um m\u00eas especial.<\/p>\n<p>Sou suspeito para falar. Ok?<\/p>\n<p>Fa\u00e7o anivers\u00e1rio logo ali no Dia de Santa B\u00e1rbara.<\/p>\n<p>Mas, n\u00e3o \u00e9 isso, \u00f3bvio (embora seja tamb\u00e9m).<\/p>\n<p>Dezembro sempre chega no tal clima de<em> love is in the air.<\/em><\/p>\n<p>Lembram a can\u00e7\u00e3o dos idos de 70, mas que ainda hoje se escuta pela a\u00ed?<\/p>\n<p>&#8230;<\/p>\n<p>Ent\u00e3o&#8230;<\/p>\n<p><em>(Ja-j\u00e1 v\u00e3o pedir para que eu controle o uso das retic\u00eancias&#8230;)<\/em><\/p>\n<p>Todos se deixam envolver pela luminosa aura de fraternidade e companheirismo, pelos planos e projetos futuros&#8230;<\/p>\n<p>Alguns ainda se d\u00e3o ao trabalho inquietante de listar o que pretendem e o que far\u00e3o no tal Ano Bom.<\/p>\n<p>Promessas ao vento?<\/p>\n<p><em>(Quem nunca?)<\/em><\/p>\n<p>&#8230;<\/p>\n<p>Por outra, h\u00e1 aquela coisa de mais um ciclo que se encerra.<\/p>\n<p>Um ano que se vai&#8230;<\/p>\n<p><em>(E que ano, hein, rapaziada!!!)<\/em><\/p>\n<p>Fiz isso, n\u00e3o fiz aquilo. Ah, aquel&#8217;outro n\u00e3o me escapa&#8230;<\/p>\n<p>A tal reprospectiva. Necess\u00e1ria?<\/p>\n<p>N\u00e3o sei&#8230;<\/p>\n<p>&#8230;<\/p>\n<p>Tantas e tamanhas, \u00f3bvio, nos chegam ( ou deveriam chegar) envoltas na\u00a0 religiosidade nos inspiram as festas natalinas.<\/p>\n<p>Ano passado, lembro bem, houve quem, em meio ao foguet\u00f3rio, aos abra\u00e7os e \u00e0 cantoria geral e exarcebada, sapecasse inclemente um &#8220;j\u00e1 vai tarde&#8221; ao destrambelhado 2019.<\/p>\n<p><em>(Hoje, sabemos, que n\u00e3o foi t\u00e3o ruim assim.)<\/em><\/p>\n<p>N\u00e3o imagin\u00e1vamos o que enfrentar\u00edamos no ano que demorou, mas chegou&#8230;<\/p>\n<p>Estamos hoje mais cautelosos.<\/p>\n<p>Concientes de tudo o que vivemos, mas otimistas nos atos e na f\u00e9. Aquela que move montanhas e p\u00f5e fim \u00e0s pandemias (com a ajuda da ci\u00eancia) e aos males do mundo. Aquela que promove a justi\u00e7a social e aben\u00e7oa os passos da Humanidade.<\/p>\n<p>N\u00e3o sei se haver\u00e1 (ou s\u00e9 preciso?) tanto foguet\u00f3rio, cantoria e abra\u00e7os.<\/p>\n<p>Sei que, mais do que nunca, precisamos ser mais fraternos, revitalizar o amor\u00a0 solid\u00e1rio e estar atentos em prol da vida de cada um e de todos.<\/p>\n<p>Que o Menino Deus renascido, Ele sim, nos ilumine, conforte e guarde.<\/p>\n<p>Assim seja&#8230;<\/p>\n<p>Sigamos!!!<\/p>\n<p>&#8230;<\/p>\n<p><iframe loading=\"lazy\" src=\"https:\/\/www.youtube.com\/embed\/NNC0kIzM1Fo\" width=\"560\" height=\"315\" frameborder=\"0\" allowfullscreen=\"allowfullscreen\"><\/iframe><\/p>\n<p>&#8230;<\/p>\n<p>&nbsp;<\/p>\n<p>&nbsp;<\/p>\n","protected":false},"excerpt":{"rendered":"<p><em>Foto: Wilson Luque<\/em><\/p>\n<p>&#8230;<\/p>\n<p>Sempre dou boas vindas ao m\u00eas de dezembro, aqui, no Blog.<\/p>\n<p>Reitero hoje a tradi\u00e7\u00e3o,\u00a0algo desalentado, mas com renovada\u00a0 esperan\u00e7a de dias melhores.<\/p>\n","protected":false},"author":1,"featured_media":24756,"comment_status":"open","ping_status":"open","sticky":false,"template":"","format":"standard","meta":{"_exactmetrics_skip_tracking":false,"_uf_show_specific_survey":0,"_uf_disable_surveys":false,"footnotes":""},"categories":[5],"tags":[1461,1762,1760,1761,46],"class_list":["post-24755","post","type-post","status-publish","format-standard","has-post-thumbnail","hentry","category-blog","tag-1461","tag-ano-bom","tag-dezembro","tag-festas-menino-deus","tag-natal"],"_links":{"self":[{"href":"http:\/\/rodolfomartino.com.br\/blog\/wp-json\/wp\/v2\/posts\/24755","targetHints":{"allow":["GET"]}}],"collection":[{"href":"http:\/\/rodolfomartino.com.br\/blog\/wp-json\/wp\/v2\/posts"}],"about":[{"href":"http:\/\/rodolfomartino.com.br\/blog\/wp-json\/wp\/v2\/types\/post"}],"author":[{"embeddable":true,"href":"http:\/\/rodolfomartino.com.br\/blog\/wp-json\/wp\/v2\/users\/1"}],"replies":[{"embeddable":true,"href":"http:\/\/rodolfomartino.com.br\/blog\/wp-json\/wp\/v2\/comments?post=24755"}],"version-history":[{"count":7,"href":"http:\/\/rodolfomartino.com.br\/blog\/wp-json\/wp\/v2\/posts\/24755\/revisions"}],"predecessor-version":[{"id":24765,"href":"http:\/\/rodolfomartino.com.br\/blog\/wp-json\/wp\/v2\/posts\/24755\/revisions\/24765"}],"wp:featuredmedia":[{"embeddable":true,"href":"http:\/\/rodolfomartino.com.br\/blog\/wp-json\/wp\/v2\/media\/24756"}],"wp:attachment":[{"href":"http:\/\/rodolfomartino.com.br\/blog\/wp-json\/wp\/v2\/media?parent=24755"}],"wp:term":[{"taxonomy":"category","embeddable":true,"href":"http:\/\/rodolfomartino.com.br\/blog\/wp-json\/wp\/v2\/categories?post=24755"},{"taxonomy":"post_tag","embeddable":true,"href":"http:\/\/rodolfomartino.com.br\/blog\/wp-json\/wp\/v2\/tags?post=24755"}],"curies":[{"name":"wp","href":"https:\/\/api.w.org\/{rel}","templated":true}]}}