{"id":24766,"date":"2020-12-02T06:15:37","date_gmt":"2020-12-02T06:15:37","guid":{"rendered":"http:\/\/rodolfomartino.com.br\/blog\/?p=24766"},"modified":"2020-12-02T10:44:03","modified_gmt":"2020-12-02T10:44:03","slug":"raio-x-das-eleicoes-em-sp","status":"publish","type":"post","link":"http:\/\/rodolfomartino.com.br\/blog\/raio-x-das-eleicoes-em-sp\/","title":{"rendered":"Raio X das elei\u00e7\u00f5es em SP"},"content":{"rendered":"<p><em>Foto: Gilberto Marques<\/em><\/p>\n<p>&#8230;<\/p>\n<p>Um breve Raio-X das elei\u00e7\u00f5es municipais a partir das considera\u00e7\u00f5es feitas pelo professor convidado de marketing pol\u00edtico da ECA\/USP e gerente de cidade da FAAP, o ex-vereador e ex-secret\u00e1rio nacional da Habita\u00e7\u00e3o, Celso Matsuda.<\/p>\n<p>Aspas para o Prof. Matsuda:<\/p>\n<p>Se somarmos os vereadores da coliga\u00e7\u00e3o (11 partidos) que apoiou a reelei\u00e7\u00e3o de Bruno Covas (25 ao todo) aos outros que a esses se reuniram no pleito do segundo turno (5 partidos +10 vereadores), chegamos a um total de 35 edis que devem garantir \u00e0 Municipalidade ampla maioria de 2\/3 de votos na C\u00e2mara Municipal de S\u00e3o Paulo.<\/p>\n<div id=\"attachment_24771\" style=\"width: 310px\" class=\"wp-caption alignright\"><img loading=\"lazy\" decoding=\"async\" aria-describedby=\"caption-attachment-24771\" class=\"wp-image-24771 size-medium\" src=\"http:\/\/rodolfomartino.com.br\/blog\/wp-content\/uploads\/2020\/12\/celsomatsuda-300x199.jpg\" alt=\"\" width=\"300\" height=\"199\" srcset=\"http:\/\/rodolfomartino.com.br\/blog\/wp-content\/uploads\/2020\/12\/celsomatsuda-300x199.jpg 300w, http:\/\/rodolfomartino.com.br\/blog\/wp-content\/uploads\/2020\/12\/celsomatsuda-768x509.jpg 768w, http:\/\/rodolfomartino.com.br\/blog\/wp-content\/uploads\/2020\/12\/celsomatsuda-483x320.jpg 483w, http:\/\/rodolfomartino.com.br\/blog\/wp-content\/uploads\/2020\/12\/celsomatsuda-360x239.jpg 360w, http:\/\/rodolfomartino.com.br\/blog\/wp-content\/uploads\/2020\/12\/celsomatsuda-600x398.jpg 600w, http:\/\/rodolfomartino.com.br\/blog\/wp-content\/uploads\/2020\/12\/celsomatsuda-263x174.jpg 263w, http:\/\/rodolfomartino.com.br\/blog\/wp-content\/uploads\/2020\/12\/celsomatsuda.jpg 860w\" sizes=\"auto, (max-width: 300px) 100vw, 300px\" \/><p id=\"caption-attachment-24771\" class=\"wp-caption-text\">Foto: Senado Federal<\/p><\/div>\n<p>Com esse qu\u00f3rum, o prefeito (eleito com quase 60 por cento dos votos) aprova e rejeita o que bem quiser com a v\u00eania do Legislativo.<\/p>\n<p>Para consolidar essa maioria, alguns acordos, provavelmente fechados antes da campanha, ter\u00e3o a coordena\u00e7\u00e3o do vereador M\u00edlton Leite (anunciado no pronunciamento da vit\u00f3ria como poss\u00edvel novo presidente da CMSP).<\/p>\n<p>Para que funcione essa, digamos, parceria, os representantes da Coliga\u00e7\u00e3o tamb\u00e9m ter\u00e3o \u00e0 sua disposi\u00e7\u00e3o cargos na Mesa Diretora da Edilidade, nos diversos escal\u00f5es das secretarias e mesmo das subprefeituras.<\/p>\n<p>Acrescente-se que alguns desses espa\u00e7os j\u00e1 s\u00e3o ocupados por representantes coligados.<\/p>\n<p>O que ser\u00e1 diferente na C\u00e2mara Municipal \u00e9 a minoria oposicionista, revigorada por jovens que mostraram ser bem atuantes. Acrescente-se a isso, a experi\u00eancia de nomes com larga jornada pol\u00edtica como o do ex-senador Eduardo Suplicy.<\/p>\n<p>A princ\u00edpio, vejo essa oposi\u00e7\u00e3o com apar\u00eancia de que ser\u00e1 bem barulhenta.<\/p>\n<p>Em torno de 2,2 milh\u00f5es de paulistanos n\u00e3o foram \u00e0s urnas em cada turno da elei\u00e7\u00e3o de 2020.<\/p>\n<p>Com tal absten\u00e7\u00e3o mais votos nulos e brancos, alcan\u00e7amos uma marca hist\u00f3rica, mas que n\u00e3o \u00e9 surpresa. Essa alarmante alta se registra, mesmo que de forma gradativa, nas \u00faltimas quatro elei\u00e7\u00f5es.<\/p>\n<p>Tal fen\u00f4meno parece ser uma tend\u00eancia irrevers\u00edvel principalmente pelo descr\u00e9dito do processo eleitoral em si e\/ou da classe pol\u00edtica.<\/p>\n<p>Destaco principalmente dois segmentos que se mostram, grosso modo, alheio ao debate p\u00fablico, \u201cpois n\u00e3o adianta nada\u201d: os mais jovens e os mais experientes.<\/p>\n<p>Mesmo assim, \u00f3bvio, uma boa parcela de jovens foi \u00e0s urnas e escolheu candidatos com discurso aparentemente novo.<\/p>\n<p>J\u00e1 os mais vividos que votaram optaram por candidatos de perfil conservador, mais ao centro-centro.<\/p>\n<p>Quem radicalizou (tanto de um lado quanto de outro) acabou desprezado neste pleito.<\/p>\n<p>Com o fim das coliga\u00e7\u00f5es nas elei\u00e7\u00f5es proporcionais, absten\u00e7\u00e3o, mais votos nulos e em branco, eleger-se torna-se um desafio ainda maior para partidos e candidatos. O chamado quociente partid\u00e1rio influi decididamente.<\/p>\n<p>Resumo da \u00f3pera:<\/p>\n<p>Um caminho \u00e9 partir para elei\u00e7\u00f5es distritais.<\/p>\n<p>&#8230;<\/p>\n<p><iframe loading=\"lazy\" src=\"https:\/\/www.youtube.com\/embed\/vwjVbpKlTUc\" width=\"560\" height=\"315\" frameborder=\"0\" allowfullscreen=\"allowfullscreen\"><\/iframe><\/p>\n<p>&#8230;<\/p>\n<p><em>* Agrade\u00e7o a intermedia\u00e7\u00e3o do sempre vereador Almir Guimar\u00e3es para a postagem de hoje.<\/em><\/p>\n","protected":false},"excerpt":{"rendered":"<p><em>Foto: Gilberto Marques<\/em><\/p>\n<p>&#8230;<\/p>\n<p>Um breve Raio-X das elei\u00e7\u00f5es municipais a partir das considera\u00e7\u00f5es feitas pelo professor convidado de marketing pol\u00edtico da ECA\/USP e gerente de cidade da FAAP,<\/p>\n","protected":false},"author":1,"featured_media":24767,"comment_status":"open","ping_status":"open","sticky":false,"template":"","format":"standard","meta":{"_exactmetrics_skip_tracking":false,"_uf_show_specific_survey":0,"_uf_disable_surveys":false,"footnotes":""},"categories":[5],"tags":[953,1738,1765,1764,1744,1763],"class_list":["post-24766","post","type-post","status-publish","format-standard","has-post-thumbnail","hentry","category-blog","tag-balanco","tag-bruno-covas","tag-camara-municipal-de-sao-paulo","tag-celso-matsuda","tag-eleicoes-2020","tag-raio-x"],"_links":{"self":[{"href":"http:\/\/rodolfomartino.com.br\/blog\/wp-json\/wp\/v2\/posts\/24766","targetHints":{"allow":["GET"]}}],"collection":[{"href":"http:\/\/rodolfomartino.com.br\/blog\/wp-json\/wp\/v2\/posts"}],"about":[{"href":"http:\/\/rodolfomartino.com.br\/blog\/wp-json\/wp\/v2\/types\/post"}],"author":[{"embeddable":true,"href":"http:\/\/rodolfomartino.com.br\/blog\/wp-json\/wp\/v2\/users\/1"}],"replies":[{"embeddable":true,"href":"http:\/\/rodolfomartino.com.br\/blog\/wp-json\/wp\/v2\/comments?post=24766"}],"version-history":[{"count":5,"href":"http:\/\/rodolfomartino.com.br\/blog\/wp-json\/wp\/v2\/posts\/24766\/revisions"}],"predecessor-version":[{"id":24773,"href":"http:\/\/rodolfomartino.com.br\/blog\/wp-json\/wp\/v2\/posts\/24766\/revisions\/24773"}],"wp:featuredmedia":[{"embeddable":true,"href":"http:\/\/rodolfomartino.com.br\/blog\/wp-json\/wp\/v2\/media\/24767"}],"wp:attachment":[{"href":"http:\/\/rodolfomartino.com.br\/blog\/wp-json\/wp\/v2\/media?parent=24766"}],"wp:term":[{"taxonomy":"category","embeddable":true,"href":"http:\/\/rodolfomartino.com.br\/blog\/wp-json\/wp\/v2\/categories?post=24766"},{"taxonomy":"post_tag","embeddable":true,"href":"http:\/\/rodolfomartino.com.br\/blog\/wp-json\/wp\/v2\/tags?post=24766"}],"curies":[{"name":"wp","href":"https:\/\/api.w.org\/{rel}","templated":true}]}}