{"id":24792,"date":"2020-12-05T06:15:13","date_gmt":"2020-12-05T06:15:13","guid":{"rendered":"http:\/\/rodolfomartino.com.br\/blog\/?p=24792"},"modified":"2020-12-05T13:41:46","modified_gmt":"2020-12-05T13:41:46","slug":"setentinha-ou-setentao","status":"publish","type":"post","link":"http:\/\/rodolfomartino.com.br\/blog\/setentinha-ou-setentao\/","title":{"rendered":"Setentinha ou setent\u00e3o"},"content":{"rendered":"<p><em>Foto: J\u00f4 Rabelo<\/em><\/p>\n<p>&#8230;<\/p>\n<p>Assim que comecei com o Blog em setembro de 2006, recebi algumas orienta\u00e7\u00f5es de amigos jornalistas.<\/p>\n<p>Uma delas:<\/p>\n<p>&#8220;N\u00e3o \u00e9 plataforma adequada ao jornalismo, embora possa a vir a ser tamb\u00e9m.&#8221;<\/p>\n<p>Outra:<\/p>\n<p>&#8220;Divirta-se. \u00c9 o playground dos jornalistas.&#8221;<\/p>\n<p>A terceira (que me pareceu a mais sensata):<\/p>\n<p>&#8220;\u00c9 um di\u00e1rio de bordo, sabe como?&#8221;<\/p>\n<p>N\u00e3o lembro bem o que respondi nas tr\u00eas ocasi\u00f5es, mas segui seguindo.<\/p>\n<p>Misturando g\u00eaneros e estilos, isso, aquilo e aquele outro.<\/p>\n<p>E c\u00e1 estamos&#8230;<\/p>\n<p>&#8230;<\/p>\n<p>Quando completei 50 anos, lembro bem, estava \u00e0s voltas com a finaliza\u00e7\u00e3o da minha disserta\u00e7\u00e3o de mestrado.<\/p>\n<p>Tinha prazo de tr\u00eas dias para entreg\u00e1-la. Um amea\u00e7ador 7 de dezembro).<\/p>\n<p>Para variar, bem ao meu feitio, eu deixara para a \u00faltima hora a reda\u00e7\u00e3o do texto final.<\/p>\n<p>Da\u00ed, a correria, o lufalufa, no lugar da comemora\u00e7\u00e3o.<\/p>\n<p>\u00c0 \u00e9poca, \u00f3bvio, n\u00e3o me faltavam planos, projetos de livros e sonhos.<\/p>\n<p>&#8230;<\/p>\n<p>Ao completar 60, armei uma singela arapuca para mim mesmo.<\/p>\n<p>Deixei que marcassem o ato de lan\u00e7amento do meu segundo livro <em>Meus<\/em> <em>Caros Amigos &#8211; Cr\u00f4nicas sobre jornalistas, bo\u00eamios e paix\u00f5es\u00a0<\/em>justamente para um s\u00e1bado, o dia do meu anivers\u00e1rio.<\/p>\n<p>Inicialmente constrangido como sempre fico nessas situa\u00e7\u00f5es, mas depois bem \u00e0 vontade, passei cerca de tr\u00eas ou quatro horas da tarde daquele s\u00e1bado inesquec\u00edvel na Livraria Cultura do Shopping Villa Lobos a receber os amigos e assinar dezenas de exemplares.<\/p>\n<p>Entre um rabisco e outro, tamb\u00e9m ali n\u00e3o me faltaram planos, projetos de outros livros e sonhos.<\/p>\n<p>&#8230;<\/p>\n<p>P\u00f5e um punhadinho de anos nisso &#8211; e querem saber?<\/p>\n<p>N\u00e3o resisto ao lugar comum:<\/p>\n<p>Parece que foi ontem.<\/p>\n<p>S\u00f3 que n\u00e3o.<\/p>\n<p>A real \u00e9 que ainda ontem cheguei aos setenta.<\/p>\n<p>Um feito.<\/p>\n<p>Com planos, alguns livros escritos e publicados, projetos de outros tantos a escrever e&#8230;<\/p>\n<p>&#8230; sonhos, aqueles tais que n\u00e3o envelhecem.<\/p>\n<p>&#8230;<\/p>\n<p>Passei o dia ao celular recebendo mensagens de apre\u00e7o e carinho.<\/p>\n<p>Foi muito legal.<\/p>\n<p>(Mesmo em tempos p\u00e2ndemicos)<\/p>\n<p>Terei que me habituar aos novos chamamentos:<\/p>\n<p>&#8211; Setentinha, tio!<\/p>\n<p>&#8211; Setent\u00e3o, Rudi!<\/p>\n<p>Tinha ou t\u00e3o, tanto faz.<\/p>\n<p>Tenho mais a agradecer a essas manifesta\u00e7\u00f5es&#8230;<\/p>\n<p>Sinceramente, me fizeram (e fazem) muito feliz.<\/p>\n<p>Um abra\u00e7a\u00e7o a todos e todas.<\/p>\n<p>Vida que segue&#8230;<\/p>\n<p>Que M\u00e3e Maria, em sua infinita bondade, guarde e proteja nossos passos e o caminho.<\/p>\n<p>&#8230;<\/p>\n<p><iframe loading=\"lazy\" src=\"https:\/\/www.youtube.com\/embed\/mjZjumldZ0A\" width=\"560\" height=\"315\" frameborder=\"0\" allowfullscreen=\"allowfullscreen\"><\/iframe><\/p>\n<p>&#8230;<\/p>\n<p>&nbsp;<\/p>\n<p>&nbsp;<\/p>\n<p>&nbsp;<\/p>\n","protected":false},"excerpt":{"rendered":"<p><em>Foto: J\u00f4 Rabelo<\/em><\/p>\n<p>&#8230;<\/p>\n<p>Assim que comecei com o Blog em setembro de 2006, recebi algumas orienta\u00e7\u00f5es de amigos jornalistas.<\/p>\n<p>Uma delas:<\/p>\n<p>&#8220;N\u00e3o \u00e9 plataforma adequada ao jornalismo,<\/p>\n","protected":false},"author":1,"featured_media":22606,"comment_status":"open","ping_status":"open","sticky":false,"template":"","format":"standard","meta":{"_exactmetrics_skip_tracking":false,"_uf_show_specific_survey":0,"_uf_disable_surveys":false,"footnotes":""},"categories":[5],"tags":[1773,186,1772,244,1771],"class_list":["post-24792","post","type-post","status-publish","format-standard","has-post-thumbnail","hentry","category-blog","tag-4-de-dezembro","tag-aniversario","tag-comemoracao","tag-manifestacoes","tag-setenta"],"_links":{"self":[{"href":"http:\/\/rodolfomartino.com.br\/blog\/wp-json\/wp\/v2\/posts\/24792","targetHints":{"allow":["GET"]}}],"collection":[{"href":"http:\/\/rodolfomartino.com.br\/blog\/wp-json\/wp\/v2\/posts"}],"about":[{"href":"http:\/\/rodolfomartino.com.br\/blog\/wp-json\/wp\/v2\/types\/post"}],"author":[{"embeddable":true,"href":"http:\/\/rodolfomartino.com.br\/blog\/wp-json\/wp\/v2\/users\/1"}],"replies":[{"embeddable":true,"href":"http:\/\/rodolfomartino.com.br\/blog\/wp-json\/wp\/v2\/comments?post=24792"}],"version-history":[{"count":4,"href":"http:\/\/rodolfomartino.com.br\/blog\/wp-json\/wp\/v2\/posts\/24792\/revisions"}],"predecessor-version":[{"id":24796,"href":"http:\/\/rodolfomartino.com.br\/blog\/wp-json\/wp\/v2\/posts\/24792\/revisions\/24796"}],"wp:featuredmedia":[{"embeddable":true,"href":"http:\/\/rodolfomartino.com.br\/blog\/wp-json\/wp\/v2\/media\/22606"}],"wp:attachment":[{"href":"http:\/\/rodolfomartino.com.br\/blog\/wp-json\/wp\/v2\/media?parent=24792"}],"wp:term":[{"taxonomy":"category","embeddable":true,"href":"http:\/\/rodolfomartino.com.br\/blog\/wp-json\/wp\/v2\/categories?post=24792"},{"taxonomy":"post_tag","embeddable":true,"href":"http:\/\/rodolfomartino.com.br\/blog\/wp-json\/wp\/v2\/tags?post=24792"}],"curies":[{"name":"wp","href":"https:\/\/api.w.org\/{rel}","templated":true}]}}