{"id":24808,"date":"2020-12-08T06:15:29","date_gmt":"2020-12-08T06:15:29","guid":{"rendered":"http:\/\/rodolfomartino.com.br\/blog\/?p=24808"},"modified":"2020-12-08T10:14:33","modified_gmt":"2020-12-08T10:14:33","slug":"e-hoje-4","status":"publish","type":"post","link":"http:\/\/rodolfomartino.com.br\/blog\/e-hoje-4\/","title":{"rendered":"Not\u00edcias sobre a vacina"},"content":{"rendered":"<p><em>Foto: Governo do Estado de SP<\/em><\/p>\n<p>&#8230;<\/p>\n<p>Ontem n\u00e3o escrevi.<\/p>\n<p>Plena segunda-feira de uma semana importante para o mundo, com v\u00e1rios pa\u00edses anunciando o calend\u00e1rio da vacina\u00e7\u00e3o e as not\u00edcias por aqui seguiam contradit\u00f3rias ao balan\u00e7o das horas.<\/p>\n<p>Me perdoem o atento leitor e fiel leitora.<\/p>\n<p>No fim da tarde, um tanto desiludido com o desatino de quem trata da urgente vacina\u00e7\u00e3o como instrumento de marketing eleitoral, postei uma breve reflex\u00e3o sobre o momento (triste momento) que hoje vivemos.<\/p>\n<p><a href=\"http:\/\/www.rodolfomartino.com.br\/blog\/e-o-passo-que-faz-o-caminho\/\"><strong>CLIQUE AQUI PARA LER<\/strong><\/a><\/p>\n<p>&#8230;<\/p>\n<p>Deu no\u00a0<strong>Correio Braziliense<\/strong>:<\/p>\n<p><em><strong>Vacina\u00e7\u00e3o contra covid-19 no Reino Unido come\u00e7a nesta ter\u00e7a<\/strong><\/em><\/p>\n<p><a href=\"https:\/\/www.correiobraziliense.com.br\/mundo\/2020\/12\/4893465-vacinacao-contra-covid-19-no-reino-unido-comeca-nesta-terca-rainha-sera-imunizada.html\" target=\"_blank\" rel=\"noopener\"><strong>CLIQUE AQUI PARA LER<\/strong><\/a><\/p>\n<p>&#8230;<\/p>\n<p>Deu na <strong>Folha de SP\/UOL<\/strong>:<\/p>\n<p><a class=\"manchete manchete-editorial manchete-font1 clearfix\" href=\"https:\/\/www1.folha.uol.com.br\/equilibrioesaude\/2020\/12\/plano-de-doria-preve-vacinar-primeiro-profissional-de-saude-e-maior-de-60-anos.shtml\" name=\"manchete|3-colunas\" data-metrics=\"mod-1;topo-hibrido\"><\/a><\/p>\n<p class=\"texto color5\"><em><strong>Se CoronaVac for aprovada, SP deve iniciar campanha em 25 de janeiro<\/strong><\/em><\/p>\n<p><strong><a href=\"https:\/\/www1.folha.uol.com.br\/equilibrioesaude\/2020\/12\/plano-de-doria-preve-vacinar-primeiro-profissional-de-saude-e-maior-de-60-anos.shtml\" target=\"_blank\" rel=\"noopener\">CLIQUE AQUI PARA LER<\/a><\/strong><\/p>\n<p>&#8230;<\/p>\n<p>Recebo no e-mail a news letters do jornal<strong> El Pa\u00eds<\/strong>:<\/p>\n<p><em>&#8220;\u00c9 no final do primeiro semestre, ali meados do segundo trimestre, que come\u00e7a a campanha mesmo de vacina\u00e7\u00e3o&#8221; contra a covid-19 no Brasil. <\/em><\/p>\n<p><em>A avalia\u00e7\u00e3o, que contraria os prazos do Planalto e leva em conta as diferentes entregas de vacina e a megaopera\u00e7\u00e3o log\u00edstica envolvida, \u00e9 do ex-secret\u00e1rio de Vigil\u00e2ncia Epidemiol\u00f3gica do Minist\u00e9rio da Sa\u00fade, Wanderson de Oliveira. Respons\u00e1vel por formular as primeiras estrat\u00e9gias de combate \u00e0 pandemia at\u00e9 sair em meio \u00e0s turbul\u00eancias pol\u00edticas e ideol\u00f3gicas na pasta. <\/em><\/p>\n<p><em>Oliveira conversou com a rep\u00f3rter Beatriz Juc\u00e1, do jornal El Pa\u00eds. <\/em><\/p>\n<p><em>O ex-bra\u00e7o-direito de Luiz Henrique Mandetta defende que o Brasil trabalhe com todas vacinas \u2014 as que necessitam de refrigera\u00e7\u00e3o especial, como a Pfizer e Moderna, deveriam ser adquiridas para profissionais de Sa\u00fade, por exemplo\u2013 e que aplique sem mais atrasos a t\u00e9cnica de rastrear casos usando a capilaridade do SUS. <\/em><\/p>\n<p><em>Ele tamb\u00e9m cobrou que o Conselho Nacional de Medicina se posicione contra a cloroquina e tamb\u00e9m defendeu a inclus\u00e3o de professores entre grupos priorit\u00e1rios. <\/em><\/p>\n<p><em>&#8220;J\u00e1 est\u00e1 demonstrado em alguns munic\u00edpios do Brasil e tamb\u00e9m do exterior que escola aberta \u00e9 muito mais segura do que bares e restaurantes.&#8221;<\/em><\/p>\n<p><a href=\"https:\/\/brasil.elpais.com\/brasil\/2020-12-06\/wanderson-de-oliveira-nao-e-possivel-uma-grande-campanha-de-vacinacao-no-brasil-ja-a-partir-do-primeiro-semestre.html\" target=\"_blank\" rel=\"noopener\"><strong>CLIQUE AQUI PARA LER<\/strong><\/a><\/p>\n<p>&#8230;<\/p>\n<p><strong>Deu no G1:<\/strong><\/p>\n<p><em>&#8220;Ap\u00f3s SP divulgar data de vacina\u00e7\u00e3o, Anvisa diz que n\u00e3o recebeu dado &#8216;essencial para avalia\u00e7\u00e3o&#8217; do CoronaVac&#8221;<\/em><\/p>\n<p><a href=\"https:\/\/g1.globo.com\/bemestar\/vacina\/noticia\/2020\/12\/07\/apos-sp-divulgar-data-de-vacinacao-anvisa-diz-que-nao-recebeu-dado-essencial-para-avaliacao-da-coronavac.ghtml\" target=\"_blank\" rel=\"noopener\"><strong>CLIQUE AQUI PARA LER<\/strong><\/a><\/p>\n<p>&#8230;<\/p>\n<p>No fim da tarde, os jornais publicam:<\/p>\n<p><em><strong>&#8220;Bolsonaro promete vacina \u201cgratuita e n\u00e3o obrigat\u00f3ria\u201d se aprovada pela Anvisa&#8221;<\/strong><\/em><\/p>\n<p>&#8230;<\/p>\n<p>Lembro que, quando crian\u00e7a, por essa \u00e9poca do ano, o pai trazia para casa o Almanaque Biot\u00f4nico Fontoura. L\u00e1 havia uma se\u00e7\u00e3o que se intitulava\u00a0<strong>Pensamento do dia.<\/strong><\/p>\n<p>Ouso resgat\u00e1-la hoje, l\u00e1 do mais antigo dos anos quando o sonho era poss\u00edvel e vi\u00e1vel:<\/p>\n<p><a class=\"manchete manchete-editorial manchete-font1 clearfix\" href=\"https:\/\/www1.folha.uol.com.br\/equilibrioesaude\/2020\/12\/plano-de-doria-preve-vacinar-primeiro-profissional-de-saude-e-maior-de-60-anos.shtml\" name=\"manchete|3-colunas\" data-metrics=\"mod-1;topo-hibrido\"><\/a><\/p>\n<p><em>&#8220;Somos as nossas escolhas.<\/em><\/p>\n<p><em>Pagamos por nossos equ\u00edvocos&#8221;<\/em><\/p>\n<p>&#8230;<\/p>\n<p><a class=\"manchete manchete-editorial manchete-font1 clearfix\" href=\"https:\/\/www1.folha.uol.com.br\/equilibrioesaude\/2020\/12\/plano-de-doria-preve-vacinar-primeiro-profissional-de-saude-e-maior-de-60-anos.shtml\" name=\"manchete|3-colunas\" data-metrics=\"mod-1;topo-hibrido\"><\/a><\/p>\n<p><iframe loading=\"lazy\" src=\"https:\/\/www.youtube.com\/embed\/sswvzk7H1DU\" width=\"560\" height=\"315\" frameborder=\"0\" allowfullscreen=\"allowfullscreen\"><\/iframe><\/p>\n","protected":false},"excerpt":{"rendered":"<p><em>Foto: Governo do Estado de SP<\/em><\/p>\n<p>&#8230;<\/p>\n<p>Ontem n\u00e3o escrevi.<\/p>\n<p>Plena segunda-feira de uma semana importante para o mundo, com v\u00e1rios pa\u00edses anunciando o calend\u00e1rio da vacina\u00e7\u00e3o e as not\u00edcias por aqui seguiam contradit\u00f3rias ao balan\u00e7o das horas.<\/p>\n","protected":false},"author":1,"featured_media":24814,"comment_status":"open","ping_status":"open","sticky":false,"template":"","format":"standard","meta":{"_exactmetrics_skip_tracking":false,"_uf_show_specific_survey":0,"_uf_disable_surveys":false,"footnotes":""},"categories":[5],"tags":[1784,1117,173,1785,1421,1783],"class_list":["post-24808","post","type-post","status-publish","format-standard","has-post-thumbnail","hentry","category-blog","tag-correio-braziliense","tag-covid-19","tag-el-pais","tag-folha-uol","tag-vacina","tag-vacionacao"],"_links":{"self":[{"href":"http:\/\/rodolfomartino.com.br\/blog\/wp-json\/wp\/v2\/posts\/24808","targetHints":{"allow":["GET"]}}],"collection":[{"href":"http:\/\/rodolfomartino.com.br\/blog\/wp-json\/wp\/v2\/posts"}],"about":[{"href":"http:\/\/rodolfomartino.com.br\/blog\/wp-json\/wp\/v2\/types\/post"}],"author":[{"embeddable":true,"href":"http:\/\/rodolfomartino.com.br\/blog\/wp-json\/wp\/v2\/users\/1"}],"replies":[{"embeddable":true,"href":"http:\/\/rodolfomartino.com.br\/blog\/wp-json\/wp\/v2\/comments?post=24808"}],"version-history":[{"count":4,"href":"http:\/\/rodolfomartino.com.br\/blog\/wp-json\/wp\/v2\/posts\/24808\/revisions"}],"predecessor-version":[{"id":24816,"href":"http:\/\/rodolfomartino.com.br\/blog\/wp-json\/wp\/v2\/posts\/24808\/revisions\/24816"}],"wp:featuredmedia":[{"embeddable":true,"href":"http:\/\/rodolfomartino.com.br\/blog\/wp-json\/wp\/v2\/media\/24814"}],"wp:attachment":[{"href":"http:\/\/rodolfomartino.com.br\/blog\/wp-json\/wp\/v2\/media?parent=24808"}],"wp:term":[{"taxonomy":"category","embeddable":true,"href":"http:\/\/rodolfomartino.com.br\/blog\/wp-json\/wp\/v2\/categories?post=24808"},{"taxonomy":"post_tag","embeddable":true,"href":"http:\/\/rodolfomartino.com.br\/blog\/wp-json\/wp\/v2\/tags?post=24808"}],"curies":[{"name":"wp","href":"https:\/\/api.w.org\/{rel}","templated":true}]}}