{"id":24817,"date":"2020-12-09T06:15:36","date_gmt":"2020-12-09T06:15:36","guid":{"rendered":"http:\/\/rodolfomartino.com.br\/blog\/?p=24817"},"modified":"2020-12-09T13:31:33","modified_gmt":"2020-12-09T13:31:33","slug":"a-vacina-e-o-general","status":"publish","type":"post","link":"http:\/\/rodolfomartino.com.br\/blog\/a-vacina-e-o-general\/","title":{"rendered":"A vacina, Marielle e John"},"content":{"rendered":"<p><em>Foto: Andrew Parsons\u00a0<\/em><\/p>\n<p>&#8230;<\/p>\n<p>O primeiro-ministro Boris Johnson observa a inglesa Margareth Lyn tomar a inje\u00e7\u00e3o da vacina contra o Covid-19 no Guy\u2019s Hospital, no centro de Londres, na manh\u00e3 de ontem quando come\u00e7ou a campanha de vacina\u00e7\u00e3o no Reino Unido.<\/p>\n<p>&#8230;<\/p>\n<p>Enquanto isso&#8230;<\/p>\n<p>Naquele conhecido pa\u00eds-continente ao sul da linha do Equador, o general que ocupa o posto de Ministro da Sa\u00fade reunia-se com os governadores dos estados da Uni\u00e3o para dizer as obviedades costumeiras. Sem qualquer convic\u00e7\u00e3o, diga-se, posto que n\u00e3o \u00e9 do ramo.<\/p>\n<p>Questionados pelos presentes sobre os prazos para in\u00edcio da campanha de vacina\u00e7\u00e3o em massa, a resposta mais objetiva que conseguiu dar foi:<\/p>\n<p>&#8220;Ser\u00e1 necess\u00e1rio um prazo de 60 dias para a Anvisa certificar qualquer vacina.&#8221;<\/p>\n<p>Talvez, em mar\u00e7o, comece imuniza\u00e7\u00e3o\u00a0 naquele desgovernado pa\u00eds do desalento.<\/p>\n<p>&#8230;<\/p>\n<p>Ontem, o registro de outra tr\u00e1gica lembran\u00e7a naquele tal pa\u00eds-continente.<\/p>\n<p><img loading=\"lazy\" decoding=\"async\" class=\"size-medium wp-image-20150 alignright\" src=\"http:\/\/rodolfomartino.com.br\/blog\/wp-content\/uploads\/2019\/03\/marielle2-300x156.jpg\" alt=\"\" width=\"300\" height=\"156\" srcset=\"http:\/\/rodolfomartino.com.br\/blog\/wp-content\/uploads\/2019\/03\/marielle2-300x156.jpg 300w, http:\/\/rodolfomartino.com.br\/blog\/wp-content\/uploads\/2019\/03\/marielle2-768x400.jpg 768w, http:\/\/rodolfomartino.com.br\/blog\/wp-content\/uploads\/2019\/03\/marielle2-483x252.jpg 483w, http:\/\/rodolfomartino.com.br\/blog\/wp-content\/uploads\/2019\/03\/marielle2-360x188.jpg 360w, http:\/\/rodolfomartino.com.br\/blog\/wp-content\/uploads\/2019\/03\/marielle2-600x313.jpg 600w, http:\/\/rodolfomartino.com.br\/blog\/wp-content\/uploads\/2019\/03\/marielle2-263x137.jpg 263w, http:\/\/rodolfomartino.com.br\/blog\/wp-content\/uploads\/2019\/03\/marielle2.jpg 940w\" sizes=\"auto, (max-width: 300px) 100vw, 300px\" \/>H\u00e1 mil dias, a vereadora carioca Marielle Franco e seu motorista Anderson Gomes foram assassinados e ainda hoje n\u00e3o h\u00e1 qualquer men\u00e7\u00e3o oficial de quem s\u00e3o os mandantes e o porqu\u00ea.<\/p>\n<p>Leio o alerta na coluna <em>Caneladas do Vit\u00e3o<\/em>, assinada por Vitor Guedes, no jornal <em>Agora<\/em>:<\/p>\n<p><em>&#8220;S\u00e3o mil dias de muita saudade, dor e resili\u00eancia. Desde 14 de mar\u00e7o de 2018 que esperamos por uma resposta e dias melhores&#8221; &#8211; afirmou \u00e0 coluna\u00a0 Anielle Franco, presidente do Instituto Marielle Franco e irm\u00e3 de Marielle.\u00a0<\/em><\/p>\n<p>Mandou bem, Vit\u00e3o!<\/p>\n<p>&#8230;<\/p>\n<p>Outra recorda\u00e7\u00e3o triste de um 8 de dezembro em remoto passado:<\/p>\n<p>40 anos da morte de John Lennon.<\/p>\n<p>Eu estava na reda\u00e7\u00e3o do jornal &#8211; e foi um corre-corre quando a not\u00edcia chegou.<\/p>\n<p>Ningu\u00e9m quis acreditar.<\/p>\n<p>Vale destacar que n\u00e3o havia a instantaneidade da informa\u00e7\u00e3o que hoje desfrutamos.<\/p>\n<p>Ent\u00e3o, aguardamos a confirma\u00e7\u00e3o da not\u00edcia.<\/p>\n<p>Nosso desejo era que tudo n\u00e3o passasse de um boato de p\u00e9ssimo gosto.<\/p>\n<p>Demorou algum tempo at\u00e9 a chegada do material da ag\u00eancia de not\u00edcia, confirmando o que tem\u00edamos.<\/p>\n<p>Foi o fechamento de edi\u00e7\u00e3o mais silencioso que pude participar.<\/p>\n<p>Todos tristes-tristes.<\/p>\n<p>Como se ali se encerrasse um dos ciclos de nossas pr\u00f3prias vidas.<\/p>\n<p>Pois \u00e9&#8230;<\/p>\n<p>Ainda hoje me \u00e9 dif\u00edcil lembrar.<\/p>\n<p>&#8230;<\/p>\n<p><iframe loading=\"lazy\" src=\"https:\/\/www.youtube.com\/embed\/bCW0eZ4SX54\" width=\"560\" height=\"315\" frameborder=\"0\" allowfullscreen=\"allowfullscreen\"><\/iframe><\/p>\n<p>&#8230;<\/p>\n","protected":false},"excerpt":{"rendered":"<p><em>Foto: Andrew Parsons\u00a0<\/em><\/p>\n<p>&#8230;<\/p>\n<p>O primeiro-ministro Boris Johnson observa a inglesa Margareth Lyn tomar a inje\u00e7\u00e3o da vacina contra o Covid-19 no Guy\u2019s Hospital, no centro de Londres,<\/p>\n","protected":false},"author":1,"featured_media":24818,"comment_status":"open","ping_status":"open","sticky":false,"template":"","format":"standard","meta":{"_exactmetrics_skip_tracking":false,"_uf_show_specific_survey":0,"_uf_disable_surveys":false,"footnotes":""},"categories":[5],"tags":[1789,1788,1705,1120,1787,1786],"class_list":["post-24817","post","type-post","status-publish","format-standard","has-post-thumbnail","hentry","category-blog","tag-caneladas-do-vitao","tag-general","tag-john-lennon","tag-marielle","tag-reino-unido","tag-vacinacao"],"_links":{"self":[{"href":"http:\/\/rodolfomartino.com.br\/blog\/wp-json\/wp\/v2\/posts\/24817","targetHints":{"allow":["GET"]}}],"collection":[{"href":"http:\/\/rodolfomartino.com.br\/blog\/wp-json\/wp\/v2\/posts"}],"about":[{"href":"http:\/\/rodolfomartino.com.br\/blog\/wp-json\/wp\/v2\/types\/post"}],"author":[{"embeddable":true,"href":"http:\/\/rodolfomartino.com.br\/blog\/wp-json\/wp\/v2\/users\/1"}],"replies":[{"embeddable":true,"href":"http:\/\/rodolfomartino.com.br\/blog\/wp-json\/wp\/v2\/comments?post=24817"}],"version-history":[{"count":10,"href":"http:\/\/rodolfomartino.com.br\/blog\/wp-json\/wp\/v2\/posts\/24817\/revisions"}],"predecessor-version":[{"id":24828,"href":"http:\/\/rodolfomartino.com.br\/blog\/wp-json\/wp\/v2\/posts\/24817\/revisions\/24828"}],"wp:featuredmedia":[{"embeddable":true,"href":"http:\/\/rodolfomartino.com.br\/blog\/wp-json\/wp\/v2\/media\/24818"}],"wp:attachment":[{"href":"http:\/\/rodolfomartino.com.br\/blog\/wp-json\/wp\/v2\/media?parent=24817"}],"wp:term":[{"taxonomy":"category","embeddable":true,"href":"http:\/\/rodolfomartino.com.br\/blog\/wp-json\/wp\/v2\/categories?post=24817"},{"taxonomy":"post_tag","embeddable":true,"href":"http:\/\/rodolfomartino.com.br\/blog\/wp-json\/wp\/v2\/tags?post=24817"}],"curies":[{"name":"wp","href":"https:\/\/api.w.org\/{rel}","templated":true}]}}