{"id":24842,"date":"2020-12-12T06:15:17","date_gmt":"2020-12-12T06:15:17","guid":{"rendered":"http:\/\/rodolfomartino.com.br\/blog\/?p=24842"},"modified":"2020-12-12T18:49:49","modified_gmt":"2020-12-12T18:49:49","slug":"carmen","status":"publish","type":"post","link":"http:\/\/rodolfomartino.com.br\/blog\/carmen\/","title":{"rendered":"Carmen"},"content":{"rendered":"<p><em>Fotos: Reprodu\u00e7\u00e3o<\/em><\/p>\n<p>&#8230;<\/p>\n<p>Uma boa hora do meu dia: quando me aquieto para ler&#8230;<\/p>\n<p><em>Carmen: Uma biografia &#8211; <\/em><\/p>\n<p><em>A vida de Carmen Miranda, a brasileira mais famosa do s\u00e9culo XX.<\/em><\/p>\n<p>Autoria: Ruy Castro.<\/p>\n<p>&#8230;<\/p>\n<p>Comprei o tijola\u00e7o (600 p\u00e1ginas aproximadamente) h\u00e1 alguns muitos anos.<\/p>\n<p>Serviu de base \u00e0 orienta\u00e7\u00e3o que fiz a um grupo de formandos de jornalismo que desenvolveu um livrorreportagem sobre m\u00fasica popular brasileira como trabalho de conclus\u00e3o de curso.<\/p>\n<p>\u00c0 \u00e9poca, fiz apenas algumas consultas do que propriamente uma leitura detalhada &#8211; pois, a biografia \u00e9 dividida didaticamente ano a ano, per\u00edodo a per\u00edodo.<\/p>\n<p>Confesso que olhei mais o contexto do que a personagem propriamente dita.<\/p>\n<p>S\u00f3 agora volto a folhe\u00e1-lo mais atenta e prazerosamente.<\/p>\n<p>&#8230;<\/p>\n<p>Ando pela casa da p\u00e1gina 200 quando Carmen parte para a grande aventura nos Estados Unidos.<\/p>\n<div id=\"attachment_24844\" style=\"width: 258px\" class=\"wp-caption alignleft\"><img loading=\"lazy\" decoding=\"async\" aria-describedby=\"caption-attachment-24844\" class=\"wp-image-24844 \" src=\"http:\/\/rodolfomartino.com.br\/blog\/wp-content\/uploads\/2020\/12\/carmen1-210x300.jpg\" alt=\"\" width=\"248\" height=\"354\" srcset=\"http:\/\/rodolfomartino.com.br\/blog\/wp-content\/uploads\/2020\/12\/carmen1-210x300.jpg 210w, http:\/\/rodolfomartino.com.br\/blog\/wp-content\/uploads\/2020\/12\/carmen1-184x263.jpg 184w, http:\/\/rodolfomartino.com.br\/blog\/wp-content\/uploads\/2020\/12\/carmen1.jpg 230w\" sizes=\"auto, (max-width: 248px) 100vw, 248px\" \/><p id=\"caption-attachment-24844\" class=\"wp-caption-text\"><em>CASTRO, Ruy. Carmen: Uma biografia. S\u00e3o Paulo. Companhia das Letras, 2005<\/em><\/p><\/div>\n<p>Assim como milh\u00f5es de brasileiros naquele long\u00ednquo 1939, posso lhes dizer que tamb\u00e9m estou aqui, hoje, a lamentar a partida da nossa estrel\u00edssima <em>Rainha do Samba<\/em> no vapor Uruguay para as tais andan\u00e7as em terras de Tio Sam.<\/p>\n<p>N\u00e3o se espantem, car\u00edssimos leitores.<\/p>\n<p>A magnitude da figura de Carmen, magistralmente retratada pelo bi\u00f3grafo, \u00e9 um dos m\u00e9ritos do livro. Sem d\u00favida, o maior de tantos outros como o texto fluente, a riqueza de informa\u00e7\u00f5es, a ambienta\u00e7\u00e3o, a clareza e outras virtudes.<\/p>\n<p>\u00c9 maior inclusive que os dissabores daquele per\u00edodo em que se deu a Segunda Grande Guerra e as vicissitudes da ditadura Vargas no pa\u00eds.<\/p>\n<p>H\u00e1 descri\u00e7\u00f5es de momentos saborosos que nos transportam ao clima de encantamento que se espalhava pela cidade do Rio de Janeiro (capital e tambor do Brasil), especialmente a vida noturna com seus cassinos e tradicionais pontos de encontro.<\/p>\n<p>&#8230;<\/p>\n<p>O embarque de Carmem (para uma temporada de um ano) gerou uma como\u00e7\u00e3o nacional.<\/p>\n<p>A cantora se dizia cheia de d\u00favidas.<\/p>\n<p>Depois de ter conquistado o Brasil e a Argentina em menos de 10 anos de carreira, teria que partir do zero na nova empreitada.<\/p>\n<p>L\u00e1, entre os ianques, se apresentaria na Broadway, flertaria e conquistaria Holywood, mas naquele exato e decisivo instante sentia-se (e era) apenas uma ilustre desconhecida na nova pra\u00e7a.<\/p>\n<p>Tinha certa flu\u00eancia no espanhol, e nenhuma intimidade com a l\u00edngua inglesa.<\/p>\n<p>Talvez por isso buscou no amigo Paulo Machado de Carvalho, dono da R\u00e1dio Record em S\u00e3o Paulo, o aconselhamento. Se deveria ir ou n\u00e3o?<\/p>\n<p>&#8230;<\/p>\n<p>A resposta:<\/p>\n<p>&#8220;Acho que voc\u00ea deve ir, Carmen. A coisa parece incerta e pouco rendosa, mas h\u00e1 certas vantagens que voc\u00ea precisa levar em considera\u00e7\u00e3o. Um sucesso nos Estados Unidos, mesmo relativo, aumentar\u00e1 sua fama na Am\u00e9rica do Sul. Al\u00e9m disso, h\u00e1 programas de r\u00e1dio, os nightclubs. E Holywood. Se com tudo isso voc\u00ea fracassar, pode voltar que eu lhe darei um emprego na Record at\u00e9 o fim de seus dias.&#8221;<\/p>\n<p>&#8230;<\/p>\n<p>Curioso &#8211; e Ruy deixa claro isso ao longo da narrativa: o temor de Carmen n\u00e3o encontrava eco nos quatro cantos do pa\u00eds que a idolatrava.<\/p>\n<p>Era bem outra a preocupa\u00e7\u00e3o da grande multid\u00e3o que foi v\u00ea-la embarcar, com seus ba\u00fas repletos de roupas de baiana, balangand\u00e3s e turbantes.<\/p>\n<p>A bem da verdade, os milh\u00f5es de f\u00e3s intu\u00edam, acertadamente, que t\u00e3o cedo a estrel\u00edssima n\u00e3o retornaria tamanho sucesso que alcan\u00e7aria por l\u00e1.<\/p>\n<p>Querem um exemplo precioso, garimpado pelo autor Ruy Castro?<\/p>\n<p>&#8230;<\/p>\n<p>Leiam:<\/p>\n<p><em>A revista Carioca,\u00a0daquele mesmo m\u00eas de maio, publicou uma colabora\u00e7\u00e3o de um leitor de Belo Horizonte, Fernando Tavares Sabino, que profetizava:<\/em><\/p>\n<p><em>[Nos Estados Unidos] Carmen Miranda arrebanhar\u00e1 milhares de f\u00e3s com sua voz expressiva de leg\u00edtima sambista. \u00c9 at\u00e9 capaz &#8211; e eu protesto desde j\u00e1 &#8211; de querer ficar por Holywood, pois mais contratos vantajosos n\u00e3o lhe faltar\u00e3o. Mesmo porque, al\u00e9m de sua garganta de ouro, tem ela uma fachada bem jeitosinha e um corpinho de se tirar o chap\u00e9u.<\/em><\/p>\n<p><em>O leitor, bem safadinho,<\/em> &#8211; escreve Ruy &#8211; <em>era o futuro cronista Fernando Sabino, ainda cheio de espinhas aos quinze anos e meio.<\/em><\/p>\n<p>&#8230;<\/p>\n<p>Saudades do Brasil!<\/p>\n<p>&#8230;<\/p>\n<p><iframe loading=\"lazy\" src=\"https:\/\/www.youtube.com\/embed\/5GxA4Elbx80\" width=\"560\" height=\"315\" frameborder=\"0\" allowfullscreen=\"allowfullscreen\"><\/iframe><\/p>\n<p>&#8230;<\/p>\n<p>&nbsp;<\/p>\n<p>&nbsp;<\/p>\n","protected":false},"excerpt":{"rendered":"<p><em>Fotos: Reprodu\u00e7\u00e3o<\/em><\/p>\n<p>&#8230;<\/p>\n<p>Uma boa hora do meu dia: quando me aquieto para ler&#8230;<\/p>\n<p><em>Carmen: Uma biografia &#8211; <\/em><\/p>\n<p><em>A vida de Carmen Miranda,<\/em><\/p>\n","protected":false},"author":1,"featured_media":24843,"comment_status":"open","ping_status":"open","sticky":false,"template":"","format":"standard","meta":{"_exactmetrics_skip_tracking":false,"_uf_show_specific_survey":0,"_uf_disable_surveys":false,"footnotes":""},"categories":[5],"tags":[1795,1794,1793,135,539,314],"class_list":["post-24842","post","type-post","status-publish","format-standard","has-post-thumbnail","hentry","category-blog","tag-cantoras-brasileiras","tag-carmen","tag-carmen-miranda","tag-memoria","tag-musica-popular","tag-ruy-castro"],"_links":{"self":[{"href":"http:\/\/rodolfomartino.com.br\/blog\/wp-json\/wp\/v2\/posts\/24842","targetHints":{"allow":["GET"]}}],"collection":[{"href":"http:\/\/rodolfomartino.com.br\/blog\/wp-json\/wp\/v2\/posts"}],"about":[{"href":"http:\/\/rodolfomartino.com.br\/blog\/wp-json\/wp\/v2\/types\/post"}],"author":[{"embeddable":true,"href":"http:\/\/rodolfomartino.com.br\/blog\/wp-json\/wp\/v2\/users\/1"}],"replies":[{"embeddable":true,"href":"http:\/\/rodolfomartino.com.br\/blog\/wp-json\/wp\/v2\/comments?post=24842"}],"version-history":[{"count":8,"href":"http:\/\/rodolfomartino.com.br\/blog\/wp-json\/wp\/v2\/posts\/24842\/revisions"}],"predecessor-version":[{"id":24852,"href":"http:\/\/rodolfomartino.com.br\/blog\/wp-json\/wp\/v2\/posts\/24842\/revisions\/24852"}],"wp:featuredmedia":[{"embeddable":true,"href":"http:\/\/rodolfomartino.com.br\/blog\/wp-json\/wp\/v2\/media\/24843"}],"wp:attachment":[{"href":"http:\/\/rodolfomartino.com.br\/blog\/wp-json\/wp\/v2\/media?parent=24842"}],"wp:term":[{"taxonomy":"category","embeddable":true,"href":"http:\/\/rodolfomartino.com.br\/blog\/wp-json\/wp\/v2\/categories?post=24842"},{"taxonomy":"post_tag","embeddable":true,"href":"http:\/\/rodolfomartino.com.br\/blog\/wp-json\/wp\/v2\/tags?post=24842"}],"curies":[{"name":"wp","href":"https:\/\/api.w.org\/{rel}","templated":true}]}}