{"id":24853,"date":"2020-12-13T06:15:55","date_gmt":"2020-12-13T06:15:55","guid":{"rendered":"http:\/\/rodolfomartino.com.br\/blog\/?p=24853"},"modified":"2020-12-13T12:24:41","modified_gmt":"2020-12-13T12:24:41","slug":"24853-2","status":"publish","type":"post","link":"http:\/\/rodolfomartino.com.br\/blog\/24853-2\/","title":{"rendered":"O Sr. Samba partiu&#8230;"},"content":{"rendered":"<p><em>Foto: Fundo de Quintal\/Divulga\u00e7\u00e3o. Ubirany em destaque com o &#8216;repique de m\u00e3o&#8217;.<\/em><\/p>\n<p>&#8230;<\/p>\n<p><em>Tem samba l\u00e1 no c\u00e9u&#8230;<\/em><\/p>\n<p><em>Onde?<\/em><\/p>\n<p><em>No fundo do quintal daquela nuvem branquinha, branquinha.<\/em><\/p>\n<p><em>Ou\u00e7a o gurugudum do repique de m\u00e3o.<\/em><\/p>\n<p>\u00c9 ele!<\/p>\n<p><em>Ubirany chegou!<\/em><\/p>\n<p>&#8230;<\/p>\n<p>Ano de 1978.<\/p>\n<p>Sala de imprensa da gravadora RCA Victor nos arredores da rua Dona Veridiana, bairro de Santa Cec\u00edlia, reduto da velha guarda da boemia paulistana.<\/p>\n<p>\u00c9 uma tarde ensolarada que se perdeu no oco do tempo.<\/p>\n<p>A cantora Beth Carvalho re\u00fane-se\u00a0 com rep\u00f3rteres para divulgar o novo disco que, diz ela, &#8220;est\u00e1 repleto de novidades&#8221;.<\/p>\n<p>Fala entusiasmada por hora e tanto.<\/p>\n<p>Esgota-se o hor\u00e1rio da coletiva &#8211; e Beth continua com a l\u00edngua solta para um grupo de jornalistas &#8211; o saudoso Dirceu Soares (Folha), Maria Am\u00e9lia Rocha Lopes (Jornal da Tarde), Sonia Abr\u00e3o (Not\u00edcias Populares), mais dois ou tr\u00eas que n\u00e3o lembro nome.<\/p>\n<p>Fala de veteranos sambistas que foram redescobertos a tempo de\u00a0 se corrigir &#8220;a grande injusti\u00e7a&#8221;.<\/p>\n<p>Cita Cartola, N\u00e9lson Cavaquinho, Carlos Cacha\u00e7a, entre outros.<\/p>\n<p>Fala de um jovem e promissor sambista.<\/p>\n<p>Nome: Zeca Pagodinho.<\/p>\n<p>Fala da empolga\u00e7\u00e3o que encontrou na quadra do Cacique de Ramos, &#8220;uma fam\u00edlia&#8221; que tem a frente os irm\u00e3os Ubirany e Ubiratan.<\/p>\n<p>Essa empolga\u00e7\u00e3o que o rec\u00e9m-lan\u00e7ado disco tenta retratar.<\/p>\n<p>Foi a primeira vez que ouvi falar dos irm\u00e3os Ubiratan e Ubirany, fundadores do grupo Fundo de Quintal.<\/p>\n<p>Beth tinha toda raz\u00e3o:<\/p>\n<p>Eles revolucionaram a levada do samba desde ent\u00e3o&#8230;<\/p>\n<p>&#8230;<\/p>\n<p><iframe loading=\"lazy\" src=\"https:\/\/www.youtube.com\/embed\/_0mAeu8s5eA\" width=\"560\" height=\"315\" frameborder=\"0\" allowfullscreen=\"allowfullscreen\"><\/iframe><\/p>\n<p>&#8230;<\/p>\n<p>&nbsp;<\/p>\n","protected":false},"excerpt":{"rendered":"<p><em>Foto: Fundo de Quintal\/Divulga\u00e7\u00e3o. Ubirany em destaque com o &#8216;repique de m\u00e3o&#8217;.<\/em><\/p>\n<p>&#8230;<\/p>\n<p><em>Tem samba l\u00e1 no c\u00e9u&#8230;<\/em><\/p>\n<p><em>Onde?<\/em><\/p>\n<p><em>No fundo do quintal daquela nuvem branquinha,<\/em><\/p>\n","protected":false},"author":1,"featured_media":24854,"comment_status":"open","ping_status":"open","sticky":false,"template":"","format":"standard","meta":{"_exactmetrics_skip_tracking":false,"_uf_show_specific_survey":0,"_uf_disable_surveys":false,"footnotes":""},"categories":[5],"tags":[196,1798,135,1797,95,1796],"class_list":["post-24853","post","type-post","status-publish","format-standard","has-post-thumbnail","hentry","category-blog","tag-beth-carvalho","tag-fundo-de-quintal","tag-memoria","tag-repique-de-mao","tag-samba","tag-ubirany"],"_links":{"self":[{"href":"http:\/\/rodolfomartino.com.br\/blog\/wp-json\/wp\/v2\/posts\/24853","targetHints":{"allow":["GET"]}}],"collection":[{"href":"http:\/\/rodolfomartino.com.br\/blog\/wp-json\/wp\/v2\/posts"}],"about":[{"href":"http:\/\/rodolfomartino.com.br\/blog\/wp-json\/wp\/v2\/types\/post"}],"author":[{"embeddable":true,"href":"http:\/\/rodolfomartino.com.br\/blog\/wp-json\/wp\/v2\/users\/1"}],"replies":[{"embeddable":true,"href":"http:\/\/rodolfomartino.com.br\/blog\/wp-json\/wp\/v2\/comments?post=24853"}],"version-history":[{"count":4,"href":"http:\/\/rodolfomartino.com.br\/blog\/wp-json\/wp\/v2\/posts\/24853\/revisions"}],"predecessor-version":[{"id":24858,"href":"http:\/\/rodolfomartino.com.br\/blog\/wp-json\/wp\/v2\/posts\/24853\/revisions\/24858"}],"wp:featuredmedia":[{"embeddable":true,"href":"http:\/\/rodolfomartino.com.br\/blog\/wp-json\/wp\/v2\/media\/24854"}],"wp:attachment":[{"href":"http:\/\/rodolfomartino.com.br\/blog\/wp-json\/wp\/v2\/media?parent=24853"}],"wp:term":[{"taxonomy":"category","embeddable":true,"href":"http:\/\/rodolfomartino.com.br\/blog\/wp-json\/wp\/v2\/categories?post=24853"},{"taxonomy":"post_tag","embeddable":true,"href":"http:\/\/rodolfomartino.com.br\/blog\/wp-json\/wp\/v2\/tags?post=24853"}],"curies":[{"name":"wp","href":"https:\/\/api.w.org\/{rel}","templated":true}]}}