{"id":24859,"date":"2020-12-14T06:15:01","date_gmt":"2020-12-14T06:15:01","guid":{"rendered":"http:\/\/rodolfomartino.com.br\/blog\/?p=24859"},"modified":"2020-12-14T01:44:02","modified_gmt":"2020-12-14T01:44:02","slug":"e-tudo-pra-ontem","status":"publish","type":"post","link":"http:\/\/rodolfomartino.com.br\/blog\/e-tudo-pra-ontem\/","title":{"rendered":"\u00c9 tudo pra ontem&#8230;"},"content":{"rendered":"<p><em>Foto: Divulga\u00e7\u00e3o<\/em><\/p>\n<p>&#8230;<\/p>\n<p>O portal<em><strong> El Pa\u00eds<\/strong><\/em> entrevista o rapper e ativista Emicida.<\/p>\n<p>Ele acaba de estrear o document\u00e1rio <em>AmarElo &#8211; \u00e9 tudo pra ontem<\/em> na Netflix.<\/p>\n<p>O artista conversou com a rep\u00f3rter Naiara Galarraga Gort\u00e1zar sobre o show realizado por ele em novembro do ano passado no Theatro Municipal de S\u00e3o Paulo.<\/p>\n<p>Nesse espet\u00e1culo,\u00a0 Emicida aproveita para homenagear as personalidades negras brasileiras ignoradas pela hist\u00f3ria e o movimento antirracista nascido em plena ditadura, nas escadas do teatro.<\/p>\n<p>Aspas para Emicida:<\/p>\n<p><em>Durante muito tempo, nossa sociedade ficou ref\u00e9m de algo que ela chama de alta cultura. Uma cultura elitizada, que se baseia numa ideia question\u00e1vel de que o povo n\u00e3o compreende arte. Transformar um pr\u00e9dio t\u00e3o importante em um templo da alta cultura afastou a popula\u00e7\u00e3o, sobretudo a popula\u00e7\u00e3o mais pobre. N\u00e3o sou o primeiro artista negro, n\u00e3o sou o primeiro representante de um movimento popular a subir naquele palco. Mas conseguimos criar um contexto onde levamos para l\u00e1 dentro um n\u00famero imenso de pessoas que passam ao redor do Theatro todos os dias mas n\u00e3o se perguntam: \u2018por que a gente nunca entrou nesse teatro?\u2019 Porque nunca nos convidaram a pertencer a ele. Quarenta anos depois do nascimento do Movimento Negro Unificado, em 1978, temos a oportunidade de ocupar esse palco.<\/em><\/p>\n<p>N\u00e3o deixe de ver. Imperd\u00edvel.<\/p>\n<p>&#8230;<\/p>\n<p><iframe loading=\"lazy\" src=\"https:\/\/www.youtube.com\/embed\/qbQC60p5eZk\" width=\"560\" height=\"315\" frameborder=\"0\" allowfullscreen=\"allowfullscreen\"><\/iframe><\/p>\n<p>&#8230;<\/p>\n","protected":false},"excerpt":{"rendered":"<p><em>Foto: Divulga\u00e7\u00e3o<\/em><\/p>\n<p>&#8230;<\/p>\n<p>O portal<em><strong> El Pa\u00eds<\/strong><\/em> entrevista o rapper e ativista Emicida.<\/p>\n<p>Ele acaba de estrear o document\u00e1rio <em>AmarElo &#8211;<\/em><\/p>\n","protected":false},"author":1,"featured_media":24860,"comment_status":"open","ping_status":"open","sticky":false,"template":"","format":"standard","meta":{"_exactmetrics_skip_tracking":false,"_uf_show_specific_survey":0,"_uf_disable_surveys":false,"footnotes":""},"categories":[5],"tags":[1801,1800,1799,54,1802],"class_list":["post-24859","post","type-post","status-publish","format-standard","has-post-thumbnail","hentry","category-blog","tag-amarelo","tag-documenario","tag-emicida","tag-gilberto-gil","tag-theatro-municipal"],"_links":{"self":[{"href":"http:\/\/rodolfomartino.com.br\/blog\/wp-json\/wp\/v2\/posts\/24859","targetHints":{"allow":["GET"]}}],"collection":[{"href":"http:\/\/rodolfomartino.com.br\/blog\/wp-json\/wp\/v2\/posts"}],"about":[{"href":"http:\/\/rodolfomartino.com.br\/blog\/wp-json\/wp\/v2\/types\/post"}],"author":[{"embeddable":true,"href":"http:\/\/rodolfomartino.com.br\/blog\/wp-json\/wp\/v2\/users\/1"}],"replies":[{"embeddable":true,"href":"http:\/\/rodolfomartino.com.br\/blog\/wp-json\/wp\/v2\/comments?post=24859"}],"version-history":[{"count":3,"href":"http:\/\/rodolfomartino.com.br\/blog\/wp-json\/wp\/v2\/posts\/24859\/revisions"}],"predecessor-version":[{"id":24863,"href":"http:\/\/rodolfomartino.com.br\/blog\/wp-json\/wp\/v2\/posts\/24859\/revisions\/24863"}],"wp:featuredmedia":[{"embeddable":true,"href":"http:\/\/rodolfomartino.com.br\/blog\/wp-json\/wp\/v2\/media\/24860"}],"wp:attachment":[{"href":"http:\/\/rodolfomartino.com.br\/blog\/wp-json\/wp\/v2\/media?parent=24859"}],"wp:term":[{"taxonomy":"category","embeddable":true,"href":"http:\/\/rodolfomartino.com.br\/blog\/wp-json\/wp\/v2\/categories?post=24859"},{"taxonomy":"post_tag","embeddable":true,"href":"http:\/\/rodolfomartino.com.br\/blog\/wp-json\/wp\/v2\/tags?post=24859"}],"curies":[{"name":"wp","href":"https:\/\/api.w.org\/{rel}","templated":true}]}}