{"id":24883,"date":"2021-04-05T18:21:46","date_gmt":"2021-04-05T18:21:46","guid":{"rendered":"http:\/\/rodolfomartino.com.br\/blog\/?p=24883"},"modified":"2021-04-06T21:57:32","modified_gmt":"2021-04-06T21:57:32","slug":"tempo-de-reflexao","status":"publish","type":"post","link":"http:\/\/rodolfomartino.com.br\/blog\/tempo-de-reflexao\/","title":{"rendered":"Tempo de reflex\u00e3o"},"content":{"rendered":"<p>Recebo o texto da jornalista Dorrit Harazin, publicado em<em> O Globo<\/em>, no WhatsApp, na manh\u00e3 de domingo. Vem com o intuito de ser, digamos uma mensagem de <em>Boa P\u00e1scoa<\/em>, gentilmente a mim encaminhada por um querido e distante parceiro de belas jornadas em tempos idos. A lembran\u00e7a do amigo e as palavras de Dorrit me emocionam al\u00e9m da conta. Dispens\u00e1vel dizer a falta que nos faz a presen\u00e7a dos amigos em tempos t\u00e3o hostis como os que hoje vivemos. Indispens\u00e1vel, obrigat\u00f3ria mesmo, a reflex\u00e3o de Dorrit, uma brasileira que nasceu na Cro\u00e1cia com tantas hist\u00f3rias em nossa Imprensa. Uma reflex\u00e3o que nos pede serenidade e discernimento para resistir &#8211; e, apesar de tudo, acreditar.<\/p>\n<p>Recebo o texto da jornalista Dorrit Harazin &#8211;\u00a0 e n\u00e3o resisto ao impulso de compartilh\u00e1-lo com os eventuais cinco ou seis leitores que me honram com a presen\u00e7a por aqui. Quebro assim ao respeitoso sil\u00eancio a que me impus aqui no Blog, misto de protesto e desalento, enquanto ainda cultivo um r\u00e9stia de esperan\u00e7a em dias melhores.<\/p>\n<p>Por esses dias, outro amigo cobrou que voltasse a escrever como sempre fiz, vida afora &#8220;pois, a Humanidade se faria melhor ap\u00f3s debelar o mal que nos assola&#8221;.<\/p>\n<p>Gostaria de ter tamanha certeza.<\/p>\n<p>Tenho l\u00e1 minhas inquieta\u00e7\u00f5es e d\u00favidas.<\/p>\n<p>Mesmo assim, acredito.<\/p>\n<p>Acredito &#8211; e rezo.<\/p>\n<p>&nbsp;<\/p>\n","protected":false},"excerpt":{"rendered":"<p>Recebo o texto da jornalista Dorrit Harazin, publicado em<em> O Globo<\/em>, no WhatsApp, na manh\u00e3 de domingo. Vem com o intuito de ser, digamos uma mensagem de <em>Boa P\u00e1scoa<\/em>,<\/p>\n","protected":false},"author":1,"featured_media":24884,"comment_status":"open","ping_status":"open","sticky":false,"template":"","format":"standard","meta":{"_exactmetrics_skip_tracking":false,"_uf_show_specific_survey":0,"_uf_disable_surveys":false,"footnotes":""},"categories":[5],"tags":[1809,1805,1807,1806,1808],"class_list":["post-24883","post","type-post","status-publish","format-standard","has-post-thumbnail","hentry","category-blog","tag-acreditar","tag-dorrit-harazin","tag-o-globo","tag-pascoa","tag-tempo-de-reflexao"],"_links":{"self":[{"href":"http:\/\/rodolfomartino.com.br\/blog\/wp-json\/wp\/v2\/posts\/24883","targetHints":{"allow":["GET"]}}],"collection":[{"href":"http:\/\/rodolfomartino.com.br\/blog\/wp-json\/wp\/v2\/posts"}],"about":[{"href":"http:\/\/rodolfomartino.com.br\/blog\/wp-json\/wp\/v2\/types\/post"}],"author":[{"embeddable":true,"href":"http:\/\/rodolfomartino.com.br\/blog\/wp-json\/wp\/v2\/users\/1"}],"replies":[{"embeddable":true,"href":"http:\/\/rodolfomartino.com.br\/blog\/wp-json\/wp\/v2\/comments?post=24883"}],"version-history":[{"count":3,"href":"http:\/\/rodolfomartino.com.br\/blog\/wp-json\/wp\/v2\/posts\/24883\/revisions"}],"predecessor-version":[{"id":24887,"href":"http:\/\/rodolfomartino.com.br\/blog\/wp-json\/wp\/v2\/posts\/24883\/revisions\/24887"}],"wp:featuredmedia":[{"embeddable":true,"href":"http:\/\/rodolfomartino.com.br\/blog\/wp-json\/wp\/v2\/media\/24884"}],"wp:attachment":[{"href":"http:\/\/rodolfomartino.com.br\/blog\/wp-json\/wp\/v2\/media?parent=24883"}],"wp:term":[{"taxonomy":"category","embeddable":true,"href":"http:\/\/rodolfomartino.com.br\/blog\/wp-json\/wp\/v2\/categories?post=24883"},{"taxonomy":"post_tag","embeddable":true,"href":"http:\/\/rodolfomartino.com.br\/blog\/wp-json\/wp\/v2\/tags?post=24883"}],"curies":[{"name":"wp","href":"https:\/\/api.w.org\/{rel}","templated":true}]}}