{"id":24889,"date":"2021-04-07T13:50:04","date_gmt":"2021-04-07T13:50:04","guid":{"rendered":"http:\/\/rodolfomartino.com.br\/blog\/?p=24889"},"modified":"2021-04-07T14:02:37","modified_gmt":"2021-04-07T14:02:37","slug":"maria-jamil-e-os-raros-e-necessarios","status":"publish","type":"post","link":"http:\/\/rodolfomartino.com.br\/blog\/maria-jamil-e-os-raros-e-necessarios\/","title":{"rendered":"Maria, Jamil e os raros e necess\u00e1rios"},"content":{"rendered":"<p>Foto: reprodu\u00e7\u00e3o do livro &#8220;Um homem chamado Maria&#8221;, de autoria de Joaquim Ferreira dos Santos<\/p>\n<p>&#8230;<\/p>\n<p>&#8220;<em>Bom dia!<\/em><\/p>\n<p><em>Estou esperando seu Blog.<\/em><\/p>\n<p><em>Feliz dia do jornalista.<\/em><\/p>\n<p><em>Parab\u00e9ns!&#8221;<\/em><\/p>\n<p>Se h\u00e1 uma coisa boa de acordar tarde e perder a hora de blogar, acreditem caros e amigos leitores, \u00e9 essa: contar com a generosidade e o carinho de quem nos l\u00ea. Especialmente em casos como o de hoje. O recado \u00e9 da minha irm\u00e3 Doroti (grato!) e me chega com a obrigat\u00f3ria pauta do dia: o Dia do Jornalista!<\/p>\n<p>Confiro numa velha agenda de papel, improvisada como bloco de notas (pois de h\u00e1 muito deixei de me preocupar com hor\u00e1rios e compromissos), e constato, algo aborrecido, que 7 de abril \u00e9 tamb\u00e9m dedicado ao Dia Internacional da Sa\u00fade.<\/p>\n<p>Triste coincid\u00eancia.<\/p>\n<p>Justo hoje as manchetes dos noticiosos brazucas proclamam estarrecidas o novo recorde de mortes di\u00e1rias por Covid -19 no Brasil: mais de 4 mil \u00f3bitos.<\/p>\n<p>Tr\u00e1gico registro!<\/p>\n<p>O mundo nos v\u00ea como uma amea\u00e7a. \u00c0 sa\u00fade p\u00fablica e ao bom senso.<\/p>\n<p>&#8230;<\/p>\n<p>Mana, n\u00e3o d\u00e1 pra ser feliz assim.<\/p>\n<p>Mas, garanto a voc\u00ea e aos meus incautos leitores (se \u00e9 que ainda anda por a\u00ed), resistiremos na f\u00e9, na coragem e a combater o bom combate.<\/p>\n<p>Cuidar de n\u00f3s e de quem amamos.<\/p>\n<p>X\u00f4, negacionistas e obscuros!<\/p>\n<p>&#8230;<\/p>\n<p>Aproveito o ensejo para reverenciar a mem\u00f3ria de um extraordin\u00e1rio e saudoso jornalista, o cronista Ant\u00f4nio Maria, pelo centen\u00e1rio (1921\/1964).<\/p>\n<p>Permitam-me lembrar uma velha hist\u00f3ria que mostra a face real de um jornalismo que, n\u00e3o sei, ao que parece, est\u00e1 em desuso, mas teima em resistir na lida de raros, mas cada vez mais necess\u00e1rios.<\/p>\n<p>Vamos \u00e0 hist\u00f3rinha do dia:<\/p>\n<p>L\u00e1 nos idos dos anos 50, por n\u00e3o ter medo de dizer a verdade em sua coluna no jornal <em>\u00daltima Hora,<\/em> o jornalista Ant\u00f4nio Maria foi espancado por um bando de capangas a servi\u00e7o dos poderosos de ent\u00e3o. Teve suas m\u00e3os pisoteadas para que n\u00e3o pudesse escrever a cr\u00f4nica di\u00e1ria.<\/p>\n<p>No dia seguinte, em sua coluna, al\u00e9m da den\u00fancia que gerou a viol\u00eancia, ele cunhou a seguinte frase:<\/p>\n<p><em>\u201cQue bobos!<\/em><br \/>\n<em>Eles pensam que<\/em><br \/>\n<em>os jornalistas<\/em><br \/>\n<em>escrevem com as m\u00e3os.\u201d<\/em><\/p>\n<p>&#8230;<\/p>\n<p>Antes que me perguntem, apresso-me em alinhavar alguns desses raros e necess\u00e1rios: Mino Carta, J\u00e2nio de Freitas, Ricardo Kotscho, Bob Fernandes, \u00c9lio Gaspari, Juca Kfouri, Jos\u00e9 Trajano, M\u00f4nica Bergamo, Ver\u00edssimo, Dorrit Harazin, S\u00e9rgio Augusto, Ruy Castro, Caco Barcellos e outros (raros e necess\u00e1rios) que navegam corajosamente nessas \u00e1guas turbulentas e revoltas dos dias que hoje vivemos.<\/p>\n<p>A prop\u00f3sito, um deles, Jamil Chade, ser\u00e1 homenageado hoje com o \u00a0Trof\u00e9u Aud\u00e1lio Dantas &#8211; Indigna\u00e7\u00e3o, Coragem, Esperan\u00e7a.<\/p>\n<p>Merecid\u00edssima premia\u00e7\u00e3o.<\/p>\n<p>A cerim\u00f4nia acontecer\u00e1 \u00e0s 19h e ser\u00e1 transmitida no YouTube pelo canalda Obor\u00e9 do amigo S\u00e9rgio Gomes, meu contempor\u00e2neo da ECA\/USP. A media\u00e7\u00e3o ser\u00e1 de Juca Kfouri.<\/p>\n<p>Leia mais detalhes <strong><a href=\"https:\/\/noticias.uol.com.br\/ultimas-noticias\/redacao\/2021\/04\/06\/jamil-chade-homenagem.htm\" target=\"_blank\" rel=\"noopener\">AQUI<\/a>.<\/strong><\/p>\n<p>&#8230;<\/p>\n<p>Enfim, e por fim, vale lembrar a m\u00e1xima do grande Mill\u00f4r Fernandes:<\/p>\n<p>&#8220;Jornalismo \u00e9 oposi\u00e7\u00e3o. O resto \u00e9 armaz\u00e9m de secos e molhados&#8221;.<\/p>\n<p>&#8230;<\/p>\n<p>Sigamos&#8230;<\/p>\n<p>&nbsp;<\/p>\n<p>&nbsp;<\/p>\n<p>&nbsp;<\/p>\n","protected":false},"excerpt":{"rendered":"<p>Foto: reprodu\u00e7\u00e3o do livro &#8220;Um homem chamado Maria&#8221;, de autoria de Joaquim Ferreira dos Santos<\/p>\n<p>&#8230;<\/p>\n<p>&#8220;<em>Bom dia!<\/em><\/p>\n<p><em>Estou esperando seu Blog.<\/em><\/p>\n","protected":false},"author":1,"featured_media":24890,"comment_status":"open","ping_status":"open","sticky":false,"template":"","format":"standard","meta":{"_exactmetrics_skip_tracking":false,"_uf_show_specific_survey":0,"_uf_disable_surveys":false,"footnotes":""},"categories":[5],"tags":[1810,103,175,44,1811],"class_list":["post-24889","post","type-post","status-publish","format-standard","has-post-thumbnail","hentry","category-blog","tag-antonio-maria","tag-dia-do-jornalista","tag-jamil-chade","tag-jornalismo","tag-premio-audalio-dantas"],"_links":{"self":[{"href":"http:\/\/rodolfomartino.com.br\/blog\/wp-json\/wp\/v2\/posts\/24889","targetHints":{"allow":["GET"]}}],"collection":[{"href":"http:\/\/rodolfomartino.com.br\/blog\/wp-json\/wp\/v2\/posts"}],"about":[{"href":"http:\/\/rodolfomartino.com.br\/blog\/wp-json\/wp\/v2\/types\/post"}],"author":[{"embeddable":true,"href":"http:\/\/rodolfomartino.com.br\/blog\/wp-json\/wp\/v2\/users\/1"}],"replies":[{"embeddable":true,"href":"http:\/\/rodolfomartino.com.br\/blog\/wp-json\/wp\/v2\/comments?post=24889"}],"version-history":[{"count":4,"href":"http:\/\/rodolfomartino.com.br\/blog\/wp-json\/wp\/v2\/posts\/24889\/revisions"}],"predecessor-version":[{"id":24894,"href":"http:\/\/rodolfomartino.com.br\/blog\/wp-json\/wp\/v2\/posts\/24889\/revisions\/24894"}],"wp:featuredmedia":[{"embeddable":true,"href":"http:\/\/rodolfomartino.com.br\/blog\/wp-json\/wp\/v2\/media\/24890"}],"wp:attachment":[{"href":"http:\/\/rodolfomartino.com.br\/blog\/wp-json\/wp\/v2\/media?parent=24889"}],"wp:term":[{"taxonomy":"category","embeddable":true,"href":"http:\/\/rodolfomartino.com.br\/blog\/wp-json\/wp\/v2\/categories?post=24889"},{"taxonomy":"post_tag","embeddable":true,"href":"http:\/\/rodolfomartino.com.br\/blog\/wp-json\/wp\/v2\/tags?post=24889"}],"curies":[{"name":"wp","href":"https:\/\/api.w.org\/{rel}","templated":true}]}}