{"id":24895,"date":"2021-04-08T14:00:27","date_gmt":"2021-04-08T14:00:27","guid":{"rendered":"http:\/\/rodolfomartino.com.br\/blog\/?p=24895"},"modified":"2021-04-09T13:26:50","modified_gmt":"2021-04-09T13:26:50","slug":"a-enciclopedia","status":"publish","type":"post","link":"http:\/\/rodolfomartino.com.br\/blog\/a-enciclopedia\/","title":{"rendered":"Historiadores do cotidiano"},"content":{"rendered":"<p><em>Foto: Reprodu\u00e7\u00e3o<\/em><\/p>\n<p>&#8230;<\/p>\n<p>Anos 70.<\/p>\n<p>\u00c9ramos jovens, algo inconsequentes e sonhadores.<\/p>\n<p>Rec\u00e9m-sa\u00eddos do curso de jornalismo da Universidade de S\u00e3o Paulo, eu e o amigo Cl\u00f3vis Naconecy planejamos escrever um enciclop\u00e9dia sobre a efervescente MPB. Uma &#8220;obra&#8221; que a\u00e7ambarcaria desde a origem do nosso cancioneiro popular at\u00e9 os dias de ent\u00e3o.<\/p>\n<p>Haveria verbetes dedicados a cada um dos artistas &#8211; cantores e\/ou compositores &#8211; dos mais variados g\u00eaneros e estilos.<\/p>\n<p>Ainda oferecer\u00edamos, em anexo, aos nossos prov\u00e1veis leitores alentadas entrevistas com os nomes que, ent\u00e3o, julg\u00e1vamos luminares do nosso tempo.<\/p>\n<p>Cheguei a entrevistar Elis Regina e Milton Nascimento para tal finalidade. Mais Elis do que Bituca, que \u00e9 sempre monossil\u00e1bico em suas falas, achou o projeto sensacional &#8211; mas, fez um reparo:<\/p>\n<p>&#8220;Como far\u00e3o para dar conta de tamanha tarefa. A cada dia surge um nome novo, uma nova tend\u00eancia musical. Como v\u00e3o mapear o pa\u00eds todo, todas as regi\u00f5es. J\u00e1 pensaram nisso?&#8221;<\/p>\n<p>&#8230;<\/p>\n<p>N\u00e3o. n\u00e3o hav\u00edamos sequer cogitado.<\/p>\n<p>Como disse acima, \u00e9ramos jovens, inconsequentes e pra l\u00e1 de sonhadores.<\/p>\n<p>Talvez por isso sequer imagin\u00e1vamos o tamanho da encrenca.<\/p>\n<p>N\u00e3o preciso dizer, mas digo, que tal enciclop\u00e9dia nunca saiu dos nossos arrebatados del\u00edrios.<\/p>\n<p>Abortamos a empreitada por conta dos nossos afazeres di\u00e1rios. At\u00e9 porque, numa primeira listagem, batemos em quase 200 nomes e outras tantas indefini\u00e7\u00f5es:<\/p>\n<p>Grupos vocais entram?<\/p>\n<p>E as orquestras?<\/p>\n<p>Letristas como M\u00e1rio Lago e Orestes Barbosa merecem um verbete?<\/p>\n<p>M\u00fasicos?<\/p>\n<p>Por a\u00ed and\u00e1vamos quando, silenciosamente, e sem uma tomada decis\u00e3o oficial para n\u00f3s mesmos, abrimos m\u00e3o de t\u00e3o magn\u00e2nimo projeto.<\/p>\n<p>Coisas da vida.<\/p>\n<p>&#8230;<\/p>\n<p>Lembro a breve historieta porque ontem, por conta do Dia do Jornalista (obrigado a todos aqueles que lembraram-se deste\u00a0 humilde escrevinhador), derrapei na curva ao relacionar alguns nomes fundamentais ao jornalismo que hoje se pratica. Nomes que est\u00e3o na ativa &#8211; e sobre os quais n\u00e3o pairam quaisquer d\u00favidas.<\/p>\n<p>O que escrevem\/publicam\/falam\/transmitem, eu assino e dou f\u00e9.<\/p>\n<p>Quis modestamente homenage\u00e1-los.<\/p>\n<p>Mas, como sempre, em ocasi\u00f5es como esta, incorre-se em esquecimentos, por vezes, indesculp\u00e1veis.<\/p>\n<p>&#8230;<\/p>\n<p>Pois \u00e9&#8230;<\/p>\n<p>Assim que terminei de blogar, instantes depois ao desligar o notebook, come\u00e7ou a pipocar na minha insens\u00edvel cachola nomes e mais nomes que, com todo o m\u00e9rito e justi\u00e7a, poderiam (e deveriam) constar da lista.<\/p>\n<p>Olha a d\u00favida a me corroer:<\/p>\n<p>&#8220;Volto l\u00e1 e atualizo a rela\u00e7\u00e3o? Ou deixo para amanh\u00e3 &#8211; e tenho assim um tema para um novo post?<\/p>\n<p>Ao cabo de hora e tanto, pincei e anotei dez, doze nomes de pr\u00f3ceres do jornalismo.<\/p>\n<p>&#8230;<\/p>\n<p>Alguns amigos e leitores tamb\u00e9m me cobraram, via Whats, a inclus\u00e3o de outra penca de louv\u00e1veis men\u00e7\u00f5es.<\/p>\n<p>O que fazer?<\/p>\n<p>Desisti de atualizar o texto de ontem.<\/p>\n<p>Diria que o meu vacilo j\u00e1 era p\u00fablico e estava constatado e consagrado.<\/p>\n<p>&#8230;<\/p>\n<p>Ok. Vamos a um novo post &#8211; e uma nova rela\u00e7\u00e3o que, por sua vez&#8230;<\/p>\n<p>Pera\u00ed!<\/p>\n<p>Chega o e-mail do amigo Escova l\u00e1 dos confins da Fran\u00e7a onde vive desde 2016 ou 17.<\/p>\n<p>Ele me faz um telep\u00e1tico alerta:<\/p>\n<p>&#8220;Nem tente completar a rela\u00e7\u00e3o de ontem com uma nova rela\u00e7\u00e3o. Logo ter\u00e1 que postar uma terceira para completar a primeira e a segunda &#8211; e, no dia seguinte, uma quarta, depois uma quinta e assim sucessivamente&#8230;&#8221;<\/p>\n<p>Escova, o s\u00e1bio,\u00a0 se autointitula ombudsman do nosso humilde Blog.<\/p>\n<p>\u00c9 um amigo de longa data, outro dos grandes jornalistas com quem tive a honra de trabalhar e conviver na velha reda\u00e7\u00e3o de piso assoalhado e grandes janelas para a rua Bom Pastor.<\/p>\n<p>Detesto ter que reconhecer: o cara tem raz\u00e3o.<\/p>\n<p>Melhor deixar como est\u00e1 para n\u00e3o me complicar ainda mais.<\/p>\n<p>Louvados sejam, pois, os bons jornalistas, aqueles que se fazem, com rigor e dignidade, os verdadeiros historiadores do cotidiano.<\/p>\n<p>&#8230;<\/p>\n<p>N\u00e3o me furto, no entanto, em lhe encaminhar, tamb\u00e9m por e-mail, uma provoca\u00e7\u00e3o:<\/p>\n<p>&#8220;Ser\u00e1 que tem tanta gente assim fazendo bom jornalismo. Vejo raros e parcos na TV, na Internet?&#8221;<\/p>\n<p>Escova responde investido do tom professoral que t\u00e3o bem lhe cabe e que ganhou em anos de reportagens nos becos e bocas das quebradas do mundar\u00e9u:<\/p>\n<p>&#8220;Que tem, tem, incr\u00e9dulo amigo! S\u00e3o todos aqueles que propagam o leg\u00edtimo direito do homem \u00e0 informa\u00e7\u00e3o. Acredite, rapaz! Pois, se os n\u00e3o houvesse, eu lhe diria, tamb\u00e9m n\u00e3o haveria mais qualquer esperan\u00e7a&#8221;.<\/p>\n<p>&#8230;<\/p>\n<p><iframe loading=\"lazy\" title=\"YouTube video player\" src=\"https:\/\/www.youtube.com\/embed\/Cs62Cb0PrhQ\" width=\"560\" height=\"315\" frameborder=\"0\" allowfullscreen=\"allowfullscreen\"><\/iframe><\/p>\n<p>&#8230;<\/p>\n<p>&nbsp;<\/p>\n<p>&nbsp;<\/p>\n<p>&nbsp;<\/p>\n<p>&nbsp;<\/p>\n","protected":false},"excerpt":{"rendered":"<p><em>Foto: Reprodu\u00e7\u00e3o<\/em><\/p>\n<p>&#8230;<\/p>\n<p>Anos 70.<\/p>\n<p>\u00c9ramos jovens, algo inconsequentes e sonhadores.<\/p>\n<p>Rec\u00e9m-sa\u00eddos do curso de jornalismo da Universidade de S\u00e3o Paulo,<\/p>\n","protected":false},"author":1,"featured_media":24896,"comment_status":"open","ping_status":"open","sticky":false,"template":"","format":"standard","meta":{"_exactmetrics_skip_tracking":false,"_uf_show_specific_survey":0,"_uf_disable_surveys":false,"footnotes":""},"categories":[5],"tags":[1813,1814,455,1812,44,1111,97],"class_list":["post-24895","post","type-post","status-publish","format-standard","has-post-thumbnail","hentry","category-blog","tag-clovis-naconecy","tag-enciclopedia-musical","tag-escova","tag-historiadores-do-cotidiano","tag-jornalismo","tag-listas","tag-mpb"],"_links":{"self":[{"href":"http:\/\/rodolfomartino.com.br\/blog\/wp-json\/wp\/v2\/posts\/24895","targetHints":{"allow":["GET"]}}],"collection":[{"href":"http:\/\/rodolfomartino.com.br\/blog\/wp-json\/wp\/v2\/posts"}],"about":[{"href":"http:\/\/rodolfomartino.com.br\/blog\/wp-json\/wp\/v2\/types\/post"}],"author":[{"embeddable":true,"href":"http:\/\/rodolfomartino.com.br\/blog\/wp-json\/wp\/v2\/users\/1"}],"replies":[{"embeddable":true,"href":"http:\/\/rodolfomartino.com.br\/blog\/wp-json\/wp\/v2\/comments?post=24895"}],"version-history":[{"count":4,"href":"http:\/\/rodolfomartino.com.br\/blog\/wp-json\/wp\/v2\/posts\/24895\/revisions"}],"predecessor-version":[{"id":24900,"href":"http:\/\/rodolfomartino.com.br\/blog\/wp-json\/wp\/v2\/posts\/24895\/revisions\/24900"}],"wp:featuredmedia":[{"embeddable":true,"href":"http:\/\/rodolfomartino.com.br\/blog\/wp-json\/wp\/v2\/media\/24896"}],"wp:attachment":[{"href":"http:\/\/rodolfomartino.com.br\/blog\/wp-json\/wp\/v2\/media?parent=24895"}],"wp:term":[{"taxonomy":"category","embeddable":true,"href":"http:\/\/rodolfomartino.com.br\/blog\/wp-json\/wp\/v2\/categories?post=24895"},{"taxonomy":"post_tag","embeddable":true,"href":"http:\/\/rodolfomartino.com.br\/blog\/wp-json\/wp\/v2\/tags?post=24895"}],"curies":[{"name":"wp","href":"https:\/\/api.w.org\/{rel}","templated":true}]}}