{"id":24901,"date":"2021-04-09T14:31:28","date_gmt":"2021-04-09T14:31:28","guid":{"rendered":"http:\/\/rodolfomartino.com.br\/blog\/?p=24901"},"modified":"2021-04-09T14:38:04","modified_gmt":"2021-04-09T14:38:04","slug":"um-homem-chamado-maria","status":"publish","type":"post","link":"http:\/\/rodolfomartino.com.br\/blog\/um-homem-chamado-maria\/","title":{"rendered":"Um homem chamado Maria"},"content":{"rendered":"<p><em>Ant\u00f4nio Maria, Edith Piaf e Dorival Caymmi &#8211; Acervo: Portal do Lu\u00eds Nassif\u00a0<\/em><\/p>\n<p>&#8230;<\/p>\n<p>O sempre-vereador Almir Guimar\u00e3es, de posse de suas atribui\u00e7\u00f5es como amigo pessoal e generoso leitor e (acreditem!) divulgador das amenidades que escrevo, pede que eu registre aqui mais algumas linhas sobre o pernambucano Ant\u00f4nio Maria, pois, se outras n\u00e3o fossem as virtudes do saudoso Maria &#8211; cronista, poeta, compositor, radialista e bo\u00eamio -, bastaria o fato de ser primo do Alfredo Rangel (Alfredinho, para os chegados) para merecer um espa\u00e7o mais alentado em nosso humilde Blog.<\/p>\n<p>Tem toda a raz\u00e3o o vereador.<\/p>\n<p>Tentei reverenci\u00e1-lo no <a href=\"http:\/\/www.rodolfomartino.com.br\/blog\/maria-jamil-e-os-raros-e-necessarios\/\" target=\"_blank\" rel=\"noopener\"><strong>Dia do Jornalista<\/strong><\/a> por sua obra e tamb\u00e9m pelo centen\u00e1rio de seu nascimento.<\/p>\n<p>Mas, reconhe\u00e7o, foi muito breve a homenagem.<\/p>\n<p>&#8230;<\/p>\n<p>Sou um admirador dos textos de Maria &#8211;\u00a0&#8211; quase disc\u00edpulo, visto que me faltam os devidos dom e talento &#8211;<\/p>\n<p>A prop\u00f3sito, h\u00e1 um livro primoroso que retrata o perfil de quem foi o estimado primo do Alfredinho. Chama-se &#8220;Um homem chamado Maria&#8221;, de autoria do jornalista Joaquim Ferreira dos Santos. Editora Objetiva\/2005.<\/p>\n<p>Aos sens\u00edveis e sonhadores (ainda existem por a\u00ed?), recomendo a leitura.<\/p>\n<p>&#8230;<\/p>\n<p>Valho-me de trechos da apresenta\u00e7\u00e3o da obra para agu\u00e7ar a curiosidade de quem me l\u00ea &#8211; e tamb\u00e9m atender \u00e0 solicita\u00e7\u00e3o do sempre-vereador:<\/p>\n<p>&#8220;Sua passagem por este mundo foi r\u00e1pida &#8211; mas intensa, cintilante e rom\u00e2ntica. Ant\u00f4nio Maria nos legou cr\u00f4nicas deliciosas, hoje inscritas no melhor da literatura brasileira. Compositor, fez lindas m\u00fasicas que ajudou a criar o que conhecemos como <em>samba-can\u00e7\u00e3o.\u00a0<\/em>Viveu, como o seu grande amigo Vinicius de Moraes, em estado de poesia, o tempo todo voltado para a paix\u00e3o pelas mulheres<\/p>\n<p>Alguns dizem que ele morreu por amor. Pode ser.<\/p>\n<p>Ant\u00f4nio Maria era um grande sedutor. Mulato, gordo, tratou de desenvolver habilidosa mal\u00edcia com as palavras &#8211; &#8216;preciso de duas horas de papo para que as mulheres se esque\u00e7am da minha cara&#8217;.<\/p>\n<p>E foi assim que encantou a todas no Rio glamoroso dos anos 50, um elenco de belas mulheres, como Danuza Le\u00e3o &#8211; que deixou o marido Samuel Wainer, dono da <em>\u00daltima Hora,<\/em> para ficar com Maria, um simples cronista daquele jornal.<\/p>\n<p>Maria escrevia de forma doce arrebatada como circulava pelas noites de Copacabana.<\/p>\n<p><em>Ningu\u00e9m me Ama<\/em> \u00e9 apenas uma das m\u00fasicas famosas em que exacerbou o romantismo e o despudor. At\u00e9 hoje n\u00e3o se sabe se foi ele que ajudou a criar um jeito <em>samba-can\u00e7\u00e3o<\/em> de viver ou se foram aqueles anos, melanc\u00f3licos e dourados, que inventaram um homem chamado Maria.&#8221;<\/p>\n<p>&#8230;<\/p>\n<p>Outro not\u00e1vel jornalista, Sergio Augusto, resenhou o livro em <em>O Globo &#8211;\u00a0<\/em>e escreveu:<\/p>\n<p>&#8220;No melhor dos mundos, Ant\u00f4nio Maria, o menino grande, ainda estaria vivo, fazendo aquilo que nenhum de seus contempor\u00e2neos sabia fazer de melhor: inebriar de charme uma conversa&#8221;.<\/p>\n<p>&#8230;<\/p>\n<p>Permitam-me concluir com uma breve passagem que o jornalista Ruy Castro registrou no bel\u00edssimo livro <em>A Noite do Meu Bem <\/em>(Companhia das Letras\/2015):<\/p>\n<p>\u201c &#8230; De volta ao Rio, vindo de S\u00e3o Paulo, Maria encontrou por acaso com Carlos Heitor Cony.<\/p>\n<p>Este era ent\u00e3o o jornalista mais discutido do pa\u00eds, por desafiar abertamente os militares rec\u00e9m-instalados no poder, em sua coluna no <em>Correio da Manh\u00e3<\/em>.<\/p>\n<p>Ao v\u00ea-lo, Maria foi logo dizendo:<\/p>\n<p>&#8211; Cony, estive passando uns dias em S\u00e3o Paulo. Uma paulista me viu, pensou que eu fosse voc\u00ea e me levou para a casa dela. Fomos para a cama.<\/p>\n<p>&#8211; \u00c9 mesmo? E como foi?, perguntou Cony.<\/p>\n<p>&#8211; Voc\u00ea brochou!<\/p>\n<p>&#8230;<\/p>\n<p><iframe loading=\"lazy\" title=\"YouTube video player\" src=\"https:\/\/www.youtube.com\/embed\/uamd8Bm-eVc\" width=\"560\" height=\"315\" frameborder=\"0\" allowfullscreen=\"allowfullscreen\"><\/iframe><\/p>\n<p>&#8230;<\/p>\n<p><em>Abra\u00e7o saudoso e fraterno aos amigos Almir Guimar\u00e3es e Alfredinho.\u00a0<\/em><\/p>\n<p><em>Sigamos na f\u00e9&#8230;<\/em><\/p>\n<p>&nbsp;<\/p>\n<p>&nbsp;<\/p>\n","protected":false},"excerpt":{"rendered":"<p><em>Ant\u00f4nio Maria, Edith Piaf e Dorival Caymmi &#8211; Acervo: Portal do Lu\u00eds Nassif\u00a0<\/em><\/p>\n<p>&#8230;<\/p>\n<p>O sempre-vereador Almir Guimar\u00e3es, de posse de suas atribui\u00e7\u00f5es como amigo pessoal e generoso leitor e (acreditem!) divulgador das amenidades que escrevo,<\/p>\n","protected":false},"author":1,"featured_media":24902,"comment_status":"open","ping_status":"open","sticky":false,"template":"","format":"standard","meta":{"_exactmetrics_skip_tracking":false,"_uf_show_specific_survey":0,"_uf_disable_surveys":false,"footnotes":""},"categories":[5],"tags":[1817,211,1810,1815,1816],"class_list":["post-24901","post","type-post","status-publish","format-standard","has-post-thumbnail","hentry","category-blog","tag-alfredinho","tag-almir-guimaraes","tag-antonio-maria","tag-samba-cancao","tag-um-homem-chamado-maria"],"_links":{"self":[{"href":"http:\/\/rodolfomartino.com.br\/blog\/wp-json\/wp\/v2\/posts\/24901","targetHints":{"allow":["GET"]}}],"collection":[{"href":"http:\/\/rodolfomartino.com.br\/blog\/wp-json\/wp\/v2\/posts"}],"about":[{"href":"http:\/\/rodolfomartino.com.br\/blog\/wp-json\/wp\/v2\/types\/post"}],"author":[{"embeddable":true,"href":"http:\/\/rodolfomartino.com.br\/blog\/wp-json\/wp\/v2\/users\/1"}],"replies":[{"embeddable":true,"href":"http:\/\/rodolfomartino.com.br\/blog\/wp-json\/wp\/v2\/comments?post=24901"}],"version-history":[{"count":3,"href":"http:\/\/rodolfomartino.com.br\/blog\/wp-json\/wp\/v2\/posts\/24901\/revisions"}],"predecessor-version":[{"id":24905,"href":"http:\/\/rodolfomartino.com.br\/blog\/wp-json\/wp\/v2\/posts\/24901\/revisions\/24905"}],"wp:featuredmedia":[{"embeddable":true,"href":"http:\/\/rodolfomartino.com.br\/blog\/wp-json\/wp\/v2\/media\/24902"}],"wp:attachment":[{"href":"http:\/\/rodolfomartino.com.br\/blog\/wp-json\/wp\/v2\/media?parent=24901"}],"wp:term":[{"taxonomy":"category","embeddable":true,"href":"http:\/\/rodolfomartino.com.br\/blog\/wp-json\/wp\/v2\/categories?post=24901"},{"taxonomy":"post_tag","embeddable":true,"href":"http:\/\/rodolfomartino.com.br\/blog\/wp-json\/wp\/v2\/tags?post=24901"}],"curies":[{"name":"wp","href":"https:\/\/api.w.org\/{rel}","templated":true}]}}