{"id":24906,"date":"2021-04-10T17:01:31","date_gmt":"2021-04-10T17:01:31","guid":{"rendered":"http:\/\/rodolfomartino.com.br\/blog\/?p=24906"},"modified":"2021-04-10T17:01:31","modified_gmt":"2021-04-10T17:01:31","slug":"brevemente","status":"publish","type":"post","link":"http:\/\/rodolfomartino.com.br\/blog\/brevemente\/","title":{"rendered":"Brevemente"},"content":{"rendered":"<p>Foto Leila Kiyomura<\/p>\n<p>&#8230;<\/p>\n<p>Tem dia que \u00e9 melhor n\u00e3o escrever.<\/p>\n<p>Ou escrever pouco&#8230;<\/p>\n<p>Brevemente.<\/p>\n<p>&#8230;<\/p>\n<p>Um verso talvez:<\/p>\n<p><em>Nunca busquei viver a minha vida.<\/em><\/p>\n<p><em>A minha vida viveu sem que eu quisesse ou n\u00e3o quisesse.<\/em><\/p>\n<p><em>S\u00f3 quis ver como se n\u00e3o tivesse alma.<\/em><\/p>\n<p><em>S\u00f3 quis ver como se fosse olhos.\u00a0<\/em><\/p>\n<p>(Fernando Pessoa, in Alberto Caeiro)<\/p>\n<p>&#8230;<\/p>\n<p>Ou&#8230;<\/p>\n<p>O trecho de uma cr\u00f4nica que nos fez parar no exato instante do ponto final &#8211; e se por a pensar na exatid\u00e3o das palavras que o poeta ou o cronista alinhou uma ap\u00f3s outra, ap\u00f3s outra&#8230;<\/p>\n<p><em>Entendo que cada um de n\u00f3s \u00e9, acima de tudo, filho das suas obras, daquilo que vai fazendo durante o tempo que c\u00e1 anda.<\/em><\/p>\n<p>(Saramago)<\/p>\n<p>Claro, amiga leitora, amigo leitor, pode ser o verso de uma can\u00e7\u00e3o. Daqueles que nos tocam a alma e nos inquietam:<\/p>\n<p><em>Existimos a que ser\u00e1 que se destina?<\/em><\/p>\n<p>&#8230;<\/p>\n<p>Hoje me sinto um tanto assim.<\/p>\n<p>Um desconserto f\u00e1cil e tragicamente explic\u00e1vel por tudo que se l\u00ea, v\u00ea e ouve.<\/p>\n<p>O Brasil parece ser o \u00fanico pa\u00eds do mundo onde se olha o futuro e encontra o passado quando ainda imagin\u00e1vamos\/sonh\u00e1vamos ser o tal pa\u00eds do futuro.<\/p>\n<p>Fiquemos por aqui.<\/p>\n<p>Meus am\u00e1veis cinco ou seis leitores n\u00e3o merecem que os aborre\u00e7a com lamenta\u00e7\u00f5es e tais e quais.<\/p>\n<p>N\u00e3o sei se me entendem&#8230;<\/p>\n<p>&#8230;<\/p>\n<p><iframe loading=\"lazy\" title=\"YouTube video player\" src=\"https:\/\/www.youtube.com\/embed\/nmd7Nw9KqaE\" width=\"560\" height=\"315\" frameborder=\"0\" allowfullscreen=\"allowfullscreen\"><\/iframe><\/p>\n<p>&#8230;<\/p>\n<p>&nbsp;<\/p>\n","protected":false},"excerpt":{"rendered":"<p>Foto Leila Kiyomura<\/p>\n<p>&#8230;<\/p>\n<p>Tem dia que \u00e9 melhor n\u00e3o escrever.<\/p>\n<p>Ou escrever pouco&#8230;<\/p>\n<p>Brevemente.<\/p>\n<p>&#8230;<\/p>\n<p>Um verso talvez:<\/p>\n<p><em>Nunca busquei viver a minha vida.<\/em><\/p>\n","protected":false},"author":1,"featured_media":24908,"comment_status":"open","ping_status":"open","sticky":false,"template":"","format":"standard","meta":{"_exactmetrics_skip_tracking":false,"_uf_show_specific_survey":0,"_uf_disable_surveys":false,"footnotes":""},"categories":[5],"tags":[],"class_list":["post-24906","post","type-post","status-publish","format-standard","has-post-thumbnail","hentry","category-blog"],"_links":{"self":[{"href":"http:\/\/rodolfomartino.com.br\/blog\/wp-json\/wp\/v2\/posts\/24906","targetHints":{"allow":["GET"]}}],"collection":[{"href":"http:\/\/rodolfomartino.com.br\/blog\/wp-json\/wp\/v2\/posts"}],"about":[{"href":"http:\/\/rodolfomartino.com.br\/blog\/wp-json\/wp\/v2\/types\/post"}],"author":[{"embeddable":true,"href":"http:\/\/rodolfomartino.com.br\/blog\/wp-json\/wp\/v2\/users\/1"}],"replies":[{"embeddable":true,"href":"http:\/\/rodolfomartino.com.br\/blog\/wp-json\/wp\/v2\/comments?post=24906"}],"version-history":[{"count":2,"href":"http:\/\/rodolfomartino.com.br\/blog\/wp-json\/wp\/v2\/posts\/24906\/revisions"}],"predecessor-version":[{"id":24909,"href":"http:\/\/rodolfomartino.com.br\/blog\/wp-json\/wp\/v2\/posts\/24906\/revisions\/24909"}],"wp:featuredmedia":[{"embeddable":true,"href":"http:\/\/rodolfomartino.com.br\/blog\/wp-json\/wp\/v2\/media\/24908"}],"wp:attachment":[{"href":"http:\/\/rodolfomartino.com.br\/blog\/wp-json\/wp\/v2\/media?parent=24906"}],"wp:term":[{"taxonomy":"category","embeddable":true,"href":"http:\/\/rodolfomartino.com.br\/blog\/wp-json\/wp\/v2\/categories?post=24906"},{"taxonomy":"post_tag","embeddable":true,"href":"http:\/\/rodolfomartino.com.br\/blog\/wp-json\/wp\/v2\/tags?post=24906"}],"curies":[{"name":"wp","href":"https:\/\/api.w.org\/{rel}","templated":true}]}}