{"id":24970,"date":"2021-04-19T06:00:57","date_gmt":"2021-04-19T06:00:57","guid":{"rendered":"http:\/\/rodolfomartino.com.br\/blog\/?p=24970"},"modified":"2021-04-19T14:33:52","modified_gmt":"2021-04-19T14:33:52","slug":"o-rei-e-eu","status":"publish","type":"post","link":"http:\/\/rodolfomartino.com.br\/blog\/o-rei-e-eu\/","title":{"rendered":"O Rei e eu"},"content":{"rendered":"<p><em>Foto: Caio Girardi\/Divulga\u00e7\u00e3o<\/em><\/p>\n<p>&#8230;<\/p>\n<p>O que posso dizer sobre Roberto Carlos neste dia em que o Rei completa <strong>80<\/strong> anos?<\/p>\n<p>O que teria eu a lhes dizer que j\u00e1 n\u00e3o disse nesses quarenta e tantos anos de escrevinha\u00e7\u00f5es?<\/p>\n<p>Aqui mesmo, no Blog, j\u00e1 deitei e rolei fala\u00e7\u00e3o sobre o cara (sim, ele ainda \u00e9 o cara) em dezenas de croniquetas.<\/p>\n<p>Se as<em> linkasse<\/em> aqui e agora poderia dar por encerrada a sess\u00e3o de hoje, mas certamente haveria de decepcionar este ou aquele am\u00e1vel leitor (sen\u00e3o a todos?) que permanece(m) \u00e1vido(s) por informa\u00e7\u00f5es sobre o RC.<\/p>\n<p>A bem da verdade, tamb\u00e9m n\u00e3o me sentiria confort\u00e1vel por, diante da nobreza da efem\u00e9ride, contentar-me em plagiar a mim mesmo.<\/p>\n<p>N\u00e3o seria de bom tom, concordam?<\/p>\n<p>De qualquer forma, se interessado os h\u00e1 em tais textos, pode o amigo dar um clique na lentezinha de busca a\u00ed em cima no cabe\u00e7alho do site, digitar o nome &#8216;Roberto Carlos&#8217; e logo aparecer\u00e1 s\u00e9rie de meia-d\u00fazia de uns tr\u00eas ou quatro posts antigos.<\/p>\n<p>Fiquem \u00e0 vontade&#8230;<\/p>\n<p>Mas, se poss\u00edvel, voltem aqui!<\/p>\n<p>&#8230;<\/p>\n<p>Outra alternativa, disse-me a dedicada leitora, seria selecionar as 80 melhores can\u00e7\u00f5es do Roberto.<\/p>\n<p>80 anos. 80 can\u00e7\u00f5es.<\/p>\n<p>&#8220;N\u00e3o \u00e9 uma boa sugest\u00e3o?&#8221; &#8211; enfatizou a mo\u00e7a que, segundo me garante, j\u00e1 singrou mares e ares nos tais cruzeiros dedicados unicamente a privilegiados s\u00faditos do Rei.<\/p>\n<p>&#8230;<\/p>\n<p>Hum&#8230;<\/p>\n<p>A ideia \u00e9 boa.<\/p>\n<p>Tenho que lhes confessar, por\u00e9m, algo constrangido: seria um tanto quanto trabalhosa a tarefa.<\/p>\n<p>Eu mesmo n\u00e3o soube dizer a ela &#8211; e agora aos amigos que me leem &#8211; qual a minha can\u00e7\u00e3o preferida de t\u00e3o vasto e longevo repert\u00f3rio.<\/p>\n<p>Al\u00e9m do que sei bem o que provocam tais listas e escolhas.<\/p>\n<p>Sempre esqueceremos uma ou outra composi\u00e7\u00e3o para o muxoxo daquele que tem justamente a &#8220;p\u00e9rola&#8221; perdida como a trilha sonora da sua vida.<\/p>\n<p>&#8230;<\/p>\n<p>Pois \u00e9, meus raros e caros&#8230;<\/p>\n<p>J\u00e1 andamos a dois blocos de conversa e, c\u00e1 estou, sem saber que rumo dar \u00e0 cr\u00f4nica\/homenagem.<\/p>\n<p>Valho-me de minha esmaecida mem\u00f3ria: qual a mais remota lembran\u00e7a que tenho do Rei?<\/p>\n<p>Um adendo:<\/p>\n<p>Abram a janela para arejar o ambiente, pois a poeira do t\u00fanel do tempo se far\u00e1 inevit\u00e1vel.<\/p>\n<p>Anos 60.<\/p>\n<p>Era garoto quando ouv\u00edamos no r\u00e1dio a voz de um cantor desconhecido, um tal de Roberto Carlos, a emplacar um sucesso ap\u00f3s o outro:\u00a0<em>Parei Na Contra M\u00e3o, \u00c9 Proibido Fumar, Splish Splash, O Calhambeque.<\/em><\/p>\n<p>Eram roquezinhos maneiros, divertidos.<\/p>\n<p>Falavam a nossa l\u00edngua.<\/p>\n<p>O idioma dos garotos urbanos, suburbanos e sonhadores.<\/p>\n<p>Logo algum disc-jockey o chamou de <em>O Rei da Juventude.<\/em><\/p>\n<p>&#8230;<\/p>\n<p>Lembro-me de v\u00ea-lo, algo t\u00edmido diante da multid\u00e3o, num show improvisado num stand do primeiro ou segundo Sal\u00e3o da Crian\u00e7a ao ser anunciado pelo radialista Luiz Aguiar.<\/p>\n<p>N\u00e3o disse palavra. Cantou duas ou tr\u00eas m\u00fasicas, se tanto.<\/p>\n<p>Seu reinado, no entanto, estava apenas come\u00e7ando.<\/p>\n<p>N\u00e3o demorou para se consolidar.<\/p>\n<p>Gravou <em>Quero Que V\u00e1 Tudo Pro Inferno<\/em> ( a m\u00fasica que hoje renega) e a TV Record (a toda_poderosa da \u00e9poca) resolveu dar-lhe o comando do programa <em>Jovem Guarda<\/em> nas tardes de domingo.<\/p>\n<p>N\u00e3o d\u00e1 para explicar o tamanho do fen\u00f4meno que ali se deu para os que tinham menos de 18 anos.<\/p>\n<p>S\u00f3 quem viveu saber\u00e1 dimension\u00e1-lo.<\/p>\n<p>Sorry, sub_60.<\/p>\n<p>&#8230;<\/p>\n<p>Esse turbilh\u00e3o de emo\u00e7\u00f5es durou tr\u00eas, quatro anos, se muito.<\/p>\n<p>Foi mesmo um arraso.<\/p>\n<p>Inesquec\u00edvel para quem o viveu.<\/p>\n<p>Mas, ah, essa juventude&#8230;<\/p>\n<p>T\u00e3o inst\u00e1vel, t\u00e3o voraz e impulsiva em seus quereres!<\/p>\n<p>Logo se voltou para outras modas, ampliou o leque de \u00eddolos, engajou-se em novos movimentos. Musicais, inclusive.<\/p>\n<p>&#8230;<\/p>\n<p>Roberto reinventou-se, ent\u00e3o, como cantor rom\u00e2ntico.<\/p>\n<p>Foi para San Remo, na It\u00e1lia, em 68. Venceu o Festival, mundialmente conhecido, ao interpretar <em>Canzone Per Te,\u00a0<\/em>do brilhante Sergio Endrigo e, como me disse o Erasmo, primeiro amigo do Rei, numa entrevista:<\/p>\n<p>&#8220;As portas do mundo se abriram para ele, bicho Merece, cara, merece&#8221;.<\/p>\n<p>&#8230;<\/p>\n<p>Vieram os anos 70, 80, 90&#8230;<\/p>\n<p>Virou o s\u00e9culo e o Rei (o cognome ficou mais curto &#8211; e mais abrangente) continuou em alta.<\/p>\n<p>Fez e interpretou algumas das mais belas can\u00e7\u00f5es de amor.<\/p>\n<p>Can\u00e7\u00f5es que, registre-se, s\u00e3o marcantes na vida de milh\u00f5es de brasileiros.<\/p>\n<p>Ops.<\/p>\n<p>C\u00e1 estou a dizer obviedades.<\/p>\n<p>Todos conhecem o not\u00e1vel desenrolar dessa hist\u00f3ria&#8230;<\/p>\n<p>Uma hist\u00f3ria \u00fanica, reconhe\u00e7a-se, em nosso cancioneiro popular.<\/p>\n<p>Saldemos o Rei!<\/p>\n<p>Vida longa ao Rei!<\/p>\n<p>&#8230;<\/p>\n<p>Ufa!<\/p>\n<p>Para quem n\u00e3o sabia bem o que dizer, desconfio que j\u00e1 falei demais.<\/p>\n<p>Que tal ouvir o Roberto?<\/p>\n<p>Vou escolher a minha can\u00e7\u00e3o, ok?<\/p>\n<p>N\u00e3o sei se \u00e9 a preferida. \u00c9 a que agora me ocorre&#8230;<\/p>\n<p>Fique \u00e0 vontade, am\u00e1vel leitor, am\u00e1vel leitora, o You Tube est\u00e1 \u00e0 disposi\u00e7\u00e3o para montar sua <em>playlist.\u00a0<\/em><\/p>\n<p>Cada qual tem a sua,\u00a0pessoal e, romanticamente, intransfer\u00edvel.<\/p>\n<p>&#8230;<\/p>\n<p><iframe loading=\"lazy\" title=\"YouTube video player\" src=\"https:\/\/www.youtube.com\/embed\/70GIdz27N_g\" width=\"560\" height=\"315\" frameborder=\"0\" allowfullscreen=\"allowfullscreen\"><\/iframe><\/p>\n<p>&#8230;<\/p>\n<p><em>Um &#8220;chorinho&#8221;.<\/em><\/p>\n<p><a href=\"http:\/\/www.rodolfomartino.com.br\/blog\/um-rei-no-ypira\" target=\"_blank\" rel=\"noopener\"><strong>Um Rei no Ypiranga<\/strong><\/a><\/p>\n<p><em>Divirtam-se com a primeira reportagem que fiz sobre o Roberto Carlos.<\/em><\/p>\n<p>&#8230;<\/p>\n<p>&nbsp;<\/p>\n","protected":false},"excerpt":{"rendered":"<p><em>Foto: Caio Girardi\/Divulga\u00e7\u00e3o<\/em><\/p>\n<p>&#8230;<\/p>\n<p>O que posso dizer sobre Roberto Carlos neste dia em que o Rei completa <strong>80<\/strong> anos?<\/p>\n<p>O que teria eu a lhes dizer que j\u00e1 n\u00e3o disse nesses quarenta e tantos anos de escrevinha\u00e7\u00f5es?<\/p>\n","protected":false},"author":1,"featured_media":24974,"comment_status":"open","ping_status":"open","sticky":false,"template":"","format":"standard","meta":{"_exactmetrics_skip_tracking":false,"_uf_show_specific_survey":0,"_uf_disable_surveys":false,"footnotes":""},"categories":[5],"tags":[730,539,1840,1842,1839,1841],"class_list":["post-24970","post","type-post","status-publish","format-standard","has-post-thumbnail","hentry","category-blog","tag-80-anos","tag-musica-popular","tag-o-rei","tag-olha","tag-roberto-carlos","tag-um-rei-no-ypiranga"],"_links":{"self":[{"href":"http:\/\/rodolfomartino.com.br\/blog\/wp-json\/wp\/v2\/posts\/24970","targetHints":{"allow":["GET"]}}],"collection":[{"href":"http:\/\/rodolfomartino.com.br\/blog\/wp-json\/wp\/v2\/posts"}],"about":[{"href":"http:\/\/rodolfomartino.com.br\/blog\/wp-json\/wp\/v2\/types\/post"}],"author":[{"embeddable":true,"href":"http:\/\/rodolfomartino.com.br\/blog\/wp-json\/wp\/v2\/users\/1"}],"replies":[{"embeddable":true,"href":"http:\/\/rodolfomartino.com.br\/blog\/wp-json\/wp\/v2\/comments?post=24970"}],"version-history":[{"count":6,"href":"http:\/\/rodolfomartino.com.br\/blog\/wp-json\/wp\/v2\/posts\/24970\/revisions"}],"predecessor-version":[{"id":24979,"href":"http:\/\/rodolfomartino.com.br\/blog\/wp-json\/wp\/v2\/posts\/24970\/revisions\/24979"}],"wp:featuredmedia":[{"embeddable":true,"href":"http:\/\/rodolfomartino.com.br\/blog\/wp-json\/wp\/v2\/media\/24974"}],"wp:attachment":[{"href":"http:\/\/rodolfomartino.com.br\/blog\/wp-json\/wp\/v2\/media?parent=24970"}],"wp:term":[{"taxonomy":"category","embeddable":true,"href":"http:\/\/rodolfomartino.com.br\/blog\/wp-json\/wp\/v2\/categories?post=24970"},{"taxonomy":"post_tag","embeddable":true,"href":"http:\/\/rodolfomartino.com.br\/blog\/wp-json\/wp\/v2\/tags?post=24970"}],"curies":[{"name":"wp","href":"https:\/\/api.w.org\/{rel}","templated":true}]}}