{"id":24988,"date":"2021-04-21T06:00:09","date_gmt":"2021-04-21T06:00:09","guid":{"rendered":"http:\/\/rodolfomartino.com.br\/blog\/?p=24988"},"modified":"2021-04-21T12:39:14","modified_gmt":"2021-04-21T12:39:14","slug":"sabor-de-infancia","status":"publish","type":"post","link":"http:\/\/rodolfomartino.com.br\/blog\/sabor-de-infancia\/","title":{"rendered":"Sabor de inf\u00e2ncia"},"content":{"rendered":"<p><em>Foto: J\u00f4 Rabelo<\/em><\/p>\n<p>&#8230;<\/p>\n<p>Na boa&#8230;<\/p>\n<p>N\u00e3o sei se \u00e9 para o f\u00e3-clube do Rei preocupar-se.<\/p>\n<p>Tenho no meu Data-Zap (onde recebo o maior n\u00famero de coment\u00e1rios do que escrevo no Blog) uma informa\u00e7\u00e3o, no m\u00ednimo, curiosa: as inquieta\u00e7\u00f5es do garoto Tchinim diante da vitrine de doces na venda do Seo Jos\u00e9 (que descrevi no post<a href=\"http:\/\/www.rodolfomartino.com.br\/blog\/as-pessoas-sao-estranhas\/\" target=\"_blank\" rel=\"noopener\"><strong> Lengalenga<\/strong><\/a>) teve mais repercuss\u00e3o que os alinhavos de anteontem\u00a0 (<a href=\"http:\/\/www.rodolfomartino.com.br\/blog\/o-rei-e-eu\/\" target=\"_blank\" rel=\"noopener\"><strong>O Rei e eu<\/strong><\/a>) quando reverenciei os 80 anos de Roberto Carlos.<\/p>\n<p>Uma surpresa!<\/p>\n<p>Muitos dos am\u00e1veis cinco ou seis leitores identificaram-me com a d\u00favida de Tchinim em saber qual guloseima escolher. Com o dinheirinho contado, o garoto perdia-se entre o doce de leite, a pa\u00e7oquinha e os famosos dadinhos, estes envoltos um a um num papel prateado.<\/p>\n<p>Uma leitora chegou a recordar o av\u00f4 dela que fazia, artesanalmente, os tamancos de madeira, do tipo, creio eu, que o Seo Jos\u00e9 usava.<\/p>\n<p>Que bela\u00a0 lembran\u00e7a!<\/p>\n<p>Meu av\u00f4 carlito era chapeleiro. O v\u00f4 Rodolfo (que n\u00e3o conheci), alfaiate.<\/p>\n<p>&#8230;<\/p>\n<p>Mas. a Shirlei foi uma exce\u00e7\u00e3o.<\/p>\n<p>Na maioria das vezes, os amigos que me leem relacionaram outras tantas del\u00edcias que os fazia perder a cabe\u00e7a:<\/p>\n<p>Entre as mais cotadas, est\u00e3o:<\/p>\n<p>&#8211; as balas Toffes<\/p>\n<p>&#8211; o puxa-puxa<\/p>\n<p>&#8211; o quebra-queixo<\/p>\n<p>&#8211; o maria mole<\/p>\n<p>&#8211; o doce de ab\u00f3bora<\/p>\n<p>&#8211; o doce de batata doce (tinha um que era roxo)<\/p>\n<p>&#8211; o p\u00e9 de moleque (havia uns redondos)<\/p>\n<p>&#8211; a geleia de listas vermelha_branca_vermelha<\/p>\n<p>&#8211; as cocadinhas (a branca e a marrom)<\/p>\n<p>&#8211; o suspiro<\/p>\n<p>&#8211; o pirulito Pelota<\/p>\n<p>Entre outras e tantas&#8230;<\/p>\n<p>&#8230;<\/p>\n<p>Houve tamb\u00e9m quem citasse as bolachas quebradas que vinham soltas e se comprava em por\u00e7\u00f5es no farnel.<\/p>\n<p>(As inteiras eram caras).<\/p>\n<p>Lembraram-me tamb\u00e9m daquele sorvete de massa que o vendedor tirava na hora da boca mec\u00e2nica de uma m\u00e1quina enorme.<\/p>\n<p>Ressaltaram ainda o p\u00e3o doce e o sonho de padaria.<\/p>\n<p>Que mem\u00f3ria, a dos amigos!<\/p>\n<p>&#8230;<\/p>\n<p>Destaco, para encerrar, o item que me provocou a maior saudade\u00a0 e que estava, meus caros, longe da doceira.<\/p>\n<p>N\u00e3o matava a sede. Mas, era imbat\u00edvel entre a meninada. Com Inesquec\u00edvel sabor de inf\u00e2ncia feliz.<\/p>\n<p>Era a \u00e1gua mineral com groselha que o Seo Jos\u00e9 misturava num copo grande enquanto se derretia de amores pela morena Dagmar que, indiferente, conferia as compras do dia.<\/p>\n<p>~\u00c9s empregada porque queres. Se quisesse, tu poderias ser a dona da venda e da minha vida.<\/p>\n<p>O portuga se esfor\u00e7ava no xaveco.<\/p>\n<p>Desculpemos.<\/p>\n<p>Ainda n\u00e3o existia aquela can\u00e7\u00e3o do Roberto&#8230;<\/p>\n<p>&#8230;<\/p>\n<p><em>Um doce de batata doce para quem se lembra dessa e cantar a letra inteira, sem errar?<\/em><\/p>\n<p><iframe loading=\"lazy\" title=\"YouTube video player\" src=\"https:\/\/www.youtube.com\/embed\/XT-qRYO7vww\" width=\"560\" height=\"315\" frameborder=\"0\" allowfullscreen=\"allowfullscreen\"><\/iframe><\/p>\n<p>&#8230;<\/p>\n<p>&nbsp;<\/p>\n<p>&nbsp;<\/p>\n<p>&nbsp;<\/p>\n","protected":false},"excerpt":{"rendered":"<p><em>Foto: J\u00f4 Rabelo<\/em><\/p>\n<p>&#8230;<\/p>\n<p>Na boa&#8230;<\/p>\n<p>N\u00e3o sei se \u00e9 para o f\u00e3-clube do Rei preocupar-se.<\/p>\n<p>Tenho no meu Data-Zap (onde recebo o maior n\u00famero de coment\u00e1rios do que escrevo no Blog) uma informa\u00e7\u00e3o,<\/p>\n","protected":false},"author":1,"featured_media":17941,"comment_status":"open","ping_status":"open","sticky":false,"template":"","format":"standard","meta":{"_exactmetrics_skip_tracking":false,"_uf_show_specific_survey":0,"_uf_disable_surveys":false,"footnotes":""},"categories":[5],"tags":[1827,259,87,135,1839,1845],"class_list":["post-24988","post","type-post","status-publish","format-standard","has-post-thumbnail","hentry","category-blog","tag-doce-de-leite","tag-infancia","tag-leitores","tag-memoria","tag-roberto-carlos","tag-seo-jose"],"_links":{"self":[{"href":"http:\/\/rodolfomartino.com.br\/blog\/wp-json\/wp\/v2\/posts\/24988","targetHints":{"allow":["GET"]}}],"collection":[{"href":"http:\/\/rodolfomartino.com.br\/blog\/wp-json\/wp\/v2\/posts"}],"about":[{"href":"http:\/\/rodolfomartino.com.br\/blog\/wp-json\/wp\/v2\/types\/post"}],"author":[{"embeddable":true,"href":"http:\/\/rodolfomartino.com.br\/blog\/wp-json\/wp\/v2\/users\/1"}],"replies":[{"embeddable":true,"href":"http:\/\/rodolfomartino.com.br\/blog\/wp-json\/wp\/v2\/comments?post=24988"}],"version-history":[{"count":6,"href":"http:\/\/rodolfomartino.com.br\/blog\/wp-json\/wp\/v2\/posts\/24988\/revisions"}],"predecessor-version":[{"id":24995,"href":"http:\/\/rodolfomartino.com.br\/blog\/wp-json\/wp\/v2\/posts\/24988\/revisions\/24995"}],"wp:featuredmedia":[{"embeddable":true,"href":"http:\/\/rodolfomartino.com.br\/blog\/wp-json\/wp\/v2\/media\/17941"}],"wp:attachment":[{"href":"http:\/\/rodolfomartino.com.br\/blog\/wp-json\/wp\/v2\/media?parent=24988"}],"wp:term":[{"taxonomy":"category","embeddable":true,"href":"http:\/\/rodolfomartino.com.br\/blog\/wp-json\/wp\/v2\/categories?post=24988"},{"taxonomy":"post_tag","embeddable":true,"href":"http:\/\/rodolfomartino.com.br\/blog\/wp-json\/wp\/v2\/tags?post=24988"}],"curies":[{"name":"wp","href":"https:\/\/api.w.org\/{rel}","templated":true}]}}