{"id":25000,"date":"2021-04-22T04:27:25","date_gmt":"2021-04-22T04:27:25","guid":{"rendered":"http:\/\/rodolfomartino.com.br\/blog\/?p=25000"},"modified":"2021-04-22T15:01:54","modified_gmt":"2021-04-22T15:01:54","slug":"em-nome-do-meio-ambienta-e-da-ciencia","status":"publish","type":"post","link":"http:\/\/rodolfomartino.com.br\/blog\/em-nome-do-meio-ambienta-e-da-ciencia\/","title":{"rendered":"Em nome do Clima e da Ci\u00eancia"},"content":{"rendered":"<p><em>Foto: C\u00edcero Pedrosa Neto\/Amaz\u00f4nia Real<\/em><\/p>\n<p>&#8230;<\/p>\n<p>Senta que, antes do assunto do dia, l\u00e1 vem hist\u00f3ria.<\/p>\n<p>O ref\u00fagio de sempre: mem\u00f3rias da velha reda\u00e7\u00e3o de piso assoalhado e grandes janelas para a rua Bom Pastor.<\/p>\n<p>&#8230;<\/p>\n<p>Naqueles idos e vividos, era assim,,,<\/p>\n<p>Toda vez que um dos nossos (jovens rep\u00f3rteres) chegava entusiasmado por esta ou aquela nova paix\u00e3o, este aquele enrosco amoroso ou mesmo \u00e0 devanear sobre as emo\u00e7\u00f5es da noite anterior, Nasci, nosso mestre, sorria complacente a se fazer distante das emo\u00e7\u00f5es narradas.<\/p>\n<p>Veterano de outras paragens, a bordo do insepar\u00e1vel cachimbo, dizia em tom nost\u00e1lgico e brincalh\u00e3o entre uma e outra baforada:<\/p>\n<p>&#8220;J\u00e1 fui bom nisso, rapaziada!&#8221;<\/p>\n<p>&#8230;<\/p>\n<p>Anos depois assisti ao show de Jair Rodrigues ao lado dos filhos Jair de Oliveira e Luciana Mello.<\/p>\n<p>Era um espet\u00e1culo que fazia rever\u00eancia a n\u00e3o sei quantos anos de carreira do velho e sorridente Cachorr\u00e3o.<\/p>\n<p>L\u00e1 pelas tantas, Jair mostrou toda sua verve de bom sambista ao interpretar o cl\u00e1ssico <em>Se Acaso Voc\u00ea Chegasse<\/em>.<\/p>\n<p>No meio da can\u00e7\u00e3o, entre um verso e outro de autoria do grande Lupic\u00ednio Rodrigues, sapecou a mesma express\u00e3o, sem perder o ritmo e a bossa:<\/p>\n<p><em>De dia me lava a roupa<\/em><\/p>\n<p><em>De noite me beija boca<\/em><\/p>\n<p>(J\u00e1 fui bom nisso!)<\/p>\n<p><em>E assim n\u00f3s vamos vivendo de amor<\/em><\/p>\n<p>&#8230;<\/p>\n<p>Meus caros e raros, n\u00e3o sei se um dia fomos bom na coisa.<\/p>\n<p>Pelo que ouvi, nesses dias, dos especialistas em Meio Ambiente, est\u00e1vamos nos esfor\u00e7ando para chegar l\u00e1.<\/p>\n<p>Ao menos, and\u00e1vamos nos conformes. A combater o bom combate.<\/p>\n<p>Sei que hoje come\u00e7ou a C\u00fapula do Clima liderada pelo presidente americano Joe Biden. Com ampla repercuss\u00e3o entre os l\u00edderes mundiais.<\/p>\n<p>Inclusive, os nossos.<\/p>\n<p>Eles ter\u00e3o tr\u00eas minutos para falar dos feitos e, sobretudo, dos desfeitos no combate ao desmatamento e a defesa da Amaz\u00f4nia.<\/p>\n<p>N\u00e3o creio que usem a frase, emblem\u00e1tica, que bem define tais pol\u00edticas:<\/p>\n<p>&#8220;Vamos passar a boiada&#8221;.<\/p>\n<p>Olhem que, se assim for, ainda lhes sobrar\u00e1 em\u00a0tempo o que lhes falta em credibilidade.<\/p>\n<p>O mundo contempor\u00e2neo (e a n\u00f3s tamb\u00e9m, por extens\u00e3o) os v\u00ea como abomin\u00e1vel amea\u00e7a.<\/p>\n<p>&#8230;<\/p>\n<p>Mas, &#8220;desesperar jamais&#8221;, diz a can\u00e7\u00e3o.<\/p>\n<p>Ainda h\u00e1 os que resistem e lutam &#8211; e s\u00e3o muitos e mais\u00a0a cada nova manh\u00e3<\/p>\n<p>Um exemplo:<\/p>\n<p>Nesta ter\u00e7a-feira (dia 20) foi divulgada\u00a0a<em> Carta Aberta aos Cientistas do Brasil e ao povo brasileiro.<\/em><\/p>\n<p>Recebo uma c\u00f3pia da amiga Leila Kiyomura.<\/p>\n<p>Sugere que eu compartilhe.<\/p>\n<p>Sem d\u00favida, uma oportuna sugest\u00e3o de pauta:<\/p>\n<p>&#8220;Ao desmentir a ci\u00eancia, Bolsonaro n\u00e3o somente fere a comunidade cient\u00edfica, mas toda a sociedade brasileira: s\u00e3o di\u00e1rios os recordes de mortes pela covid, dados da Fiocruz indicam, por exemplo, a circula\u00e7\u00e3o de 92 cepas do coronav\u00edrus no Brasil, o que torna o pa\u00eds uma gigantesca f\u00e1brica de variantes; para al\u00e9m temos ainda os impactos sobre o meio ambiente, povos tradicionais da Amaz\u00f4nia e no clima global.&#8221;<\/p>\n<p>Destaque: o documento foi\u00a0subscrito por 200 acad\u00eamicos de renome internacional (incluindo tr\u00eas ganhadores do Nobel) em protesto \u00e0 pol\u00edtica destrutiva da Ci\u00eancia e do Conhecimento do atual governo.<\/p>\n<p>Leia <a href=\"https:\/\/jornal.usp.br\/universidade\/politicas-cientificas\/carta-aberta-solidariedade-internacional-aos-pesquisadores-e-cientistas-no-brasil-e-ao-povo-brasileiro\/\" target=\"_blank\" rel=\"noopener\"><strong>AQUI<\/strong><\/a> a \u00edntegra do texto.<\/p>\n<p>Feito, amiga.<\/p>\n<p>Minha humilde contribui\u00e7\u00e3o.<\/p>\n<p>&#8230;<\/p>\n<p>Certa vez, em meio a uma conversa de desalentos, outro amigo, o Prof. Nicanor, salvou aquele fim de tarde e o \u00e2nimo da nossa rapaziada:<\/p>\n<p>\u2013 Nunca se esque\u00e7am que Freire (Paulo Freire, o educador) consolidou o verbo \u2018esperan\u00e7ar\u2019.<\/p>\n<p>\u00c9 o que nos resta.<\/p>\n<p>Esperancemos, pois.<\/p>\n<p>Com f\u00e9 em Deus e nas novas gera\u00e7\u00f5es.<\/p>\n<p>&#8230;<\/p>\n<p><strong>MPB em Destaque<\/strong><\/p>\n<p><iframe loading=\"lazy\" title=\"YouTube video player\" src=\"https:\/\/www.youtube.com\/embed\/XfR1fGi3XWs\" width=\"560\" height=\"315\" frameborder=\"0\" allowfullscreen=\"allowfullscreen\"><\/iframe><\/p>\n<p><em>Produzi um programa de r\u00e1dio nos idos de 80 com o t\u00edtulo acima. Pesquisava preciosidades para mostrar aos, ent\u00e3o, amigos ouvintes. Ontem repeti o expediente de procura (agora facilitado pelo You Tube). Tentei que tentei, mas n\u00e3o encontrei a grava\u00e7\u00e3o de Jair para o samba citado no texto.<\/em><\/p>\n<p><em>Em compensa\u00e7\u00e3o, dei de olhos, cara e cora\u00e7\u00e3o com esta maravilhosa preciosidade: Ciro Monteiro, batucando na caixa de f\u00f3sforo, em impec\u00e1vel interpreta\u00e7\u00e3o do samba de Lupic\u00ednio.<\/em><\/p>\n<p><em>Reparem quem o acompanha, e lhe \u00e9 s\u00f3 sorrisos: Elke Maravilha na flor e na beleza de seus 20 anos.<\/em><\/p>\n<p><em>Old times, como diria o Nasci.<\/em><\/p>\n<p>&#8230;<\/p>\n<p>&nbsp;<\/p>\n<p>&nbsp;<\/p>\n<p>&nbsp;<\/p>\n<p>&nbsp;<\/p>\n<p>&nbsp;<\/p>\n","protected":false},"excerpt":{"rendered":"<p><em>Foto: C\u00edcero Pedrosa Neto\/Amaz\u00f4nia Real<\/em><\/p>\n<p>&#8230;<\/p>\n<p>Senta que, antes do assunto do dia, l\u00e1 vem hist\u00f3ria.<\/p>\n<p>O ref\u00fagio de sempre: mem\u00f3rias da velha reda\u00e7\u00e3o de piso assoalhado e grandes janelas para a rua Bom Pastor.<\/p>\n","protected":false},"author":1,"featured_media":25002,"comment_status":"open","ping_status":"open","sticky":false,"template":"","format":"standard","meta":{"_exactmetrics_skip_tracking":false,"_uf_show_specific_survey":0,"_uf_disable_surveys":false,"footnotes":""},"categories":[5],"tags":[1848,120,1850,1846,1847,1851,92,615,1849,215],"class_list":["post-25000","post","type-post","status-publish","format-standard","has-post-thumbnail","hentry","category-blog","tag-carta-aberta","tag-ciencia","tag-ciro-monteiro","tag-clima","tag-cupula-do-clima","tag-elke-maravilha","tag-jair-rodrigues","tag-meio-ambiente","tag-mpb-em-destaque","tag-nasci"],"_links":{"self":[{"href":"http:\/\/rodolfomartino.com.br\/blog\/wp-json\/wp\/v2\/posts\/25000","targetHints":{"allow":["GET"]}}],"collection":[{"href":"http:\/\/rodolfomartino.com.br\/blog\/wp-json\/wp\/v2\/posts"}],"about":[{"href":"http:\/\/rodolfomartino.com.br\/blog\/wp-json\/wp\/v2\/types\/post"}],"author":[{"embeddable":true,"href":"http:\/\/rodolfomartino.com.br\/blog\/wp-json\/wp\/v2\/users\/1"}],"replies":[{"embeddable":true,"href":"http:\/\/rodolfomartino.com.br\/blog\/wp-json\/wp\/v2\/comments?post=25000"}],"version-history":[{"count":6,"href":"http:\/\/rodolfomartino.com.br\/blog\/wp-json\/wp\/v2\/posts\/25000\/revisions"}],"predecessor-version":[{"id":25007,"href":"http:\/\/rodolfomartino.com.br\/blog\/wp-json\/wp\/v2\/posts\/25000\/revisions\/25007"}],"wp:featuredmedia":[{"embeddable":true,"href":"http:\/\/rodolfomartino.com.br\/blog\/wp-json\/wp\/v2\/media\/25002"}],"wp:attachment":[{"href":"http:\/\/rodolfomartino.com.br\/blog\/wp-json\/wp\/v2\/media?parent=25000"}],"wp:term":[{"taxonomy":"category","embeddable":true,"href":"http:\/\/rodolfomartino.com.br\/blog\/wp-json\/wp\/v2\/categories?post=25000"},{"taxonomy":"post_tag","embeddable":true,"href":"http:\/\/rodolfomartino.com.br\/blog\/wp-json\/wp\/v2\/tags?post=25000"}],"curies":[{"name":"wp","href":"https:\/\/api.w.org\/{rel}","templated":true}]}}