{"id":11349,"date":"2009-06-19T00:00:00","date_gmt":"2009-06-19T00:00:00","guid":{"rendered":""},"modified":"2017-09-15T19:41:00","modified_gmt":"2017-09-15T19:41:00","slug":"a-polemica-do-diploma","status":"publish","type":"post","link":"https:\/\/rodolfomartino.com.br\/blog\/a-polemica-do-diploma\/","title":{"rendered":"A pol\u00eamica do diploma"},"content":{"rendered":"<p>Seguimos repercutindo a pol\u00eamica sobre o fim da obrigatoriedade do diploma universit\u00e1rio para exerc\u00edcio da profiss\u00e3o de jornalista.<\/p>\n<p>I.<\/p>\n<p>Fortalecer o jornalismo e os jornalistas jornalistas <\/p>\n<p>Por Paulo Roberto Bot\u00e3o *<\/p>\n<p>A express\u00e3o \u201cjornalistas jornalistas\u201d no t\u00edtulo n\u00e3o \u00e9 um erro de digita\u00e7\u00e3o. Foi emprestada de um texto do jornalista Alfredo Vizeu, que li hoje na lista de discuss\u00f5es do F\u00f3rum Nacional de Professores de Jornalismo, e que, acredito, no atual contexto n\u00e3o precisa ser explicada. Afinal, jornalista jornalista s\u00f3 com diploma. <\/p>\n<p>A decis\u00e3o tomada neste dia 17 de junho pelo STF (Supremo Tribunal Federal), de extinguir a obrigatoriedade do diploma para o exerc\u00edcio da profiss\u00e3o, significa um duro golpe contra o jornalismo brasileiro. <\/p>\n<p>A mais alta corte do pa\u00eds demonstrou total desconhecimento sobre a ess\u00eancia do jornalismo, resumindo-o \u00e0 liberdade de express\u00e3o. Desconheceu da mesma forma a enorme contribui\u00e7\u00e3o que a obrigatoriedade do diploma representou nos \u00faltimos 40 anos. Neste per\u00edodo ela estimulou a qualifica\u00e7\u00e3o e a forma\u00e7\u00e3o dos profissionais que atuam na \u00e1rea e, com isso, contribuiu substancialmente para a melhoria na qualidade do jornalismo que se pratica no pa\u00eds. <\/p>\n<p>Os poucos e parcos argumentos utilizados para a decis\u00e3o s\u00e3o a nosso ver todos insustent\u00e1veis, como o de que a obrigatoriedade restringe a liberdade de express\u00e3o. Afinal, n\u00e3o h\u00e1 a menor evid\u00eancia de que o diploma de jornalismo tenha em algum momento dificultado o exerc\u00edcio deste direito fundamental, ao contr\u00e1rio. <\/p>\n<p>O importante agora \u00e9 discutir como agir para que a sociedade brasileira n\u00e3o seja ainda mais penalizada. Um dos caminhos, sem d\u00favida, \u00e9 o de fortalecer os cursos de jornalismo, manter a sua qualidade e o seu compromisso com a forma\u00e7\u00e3o de profissionais conscientes do car\u00e1ter essencial da atividade. \u00c9 preciso refor\u00e7ar a identidade do jornalismo como forma de conhecimento, seu compromisso com a informa\u00e7\u00e3o de interesse p\u00fablico e com a defesa da pluralidade e livre circula\u00e7\u00e3o do pensamento. <\/p>\n<p>\u00c9 preciso ficar claro: o curso de n\u00edvel superior de jornalismo \u00e9 a \u00fanica alternativa de forma\u00e7\u00e3o. Tenho convic\u00e7\u00e3o de que as empresas de comunica\u00e7\u00e3o realmente interessadas em veicular informa\u00e7\u00e3o jornal\u00edstica de qualidade n\u00e3o v\u00e3o prescindir de profissionais oriundos das universidades. V\u00e3o procurar pessoas realmente qualificadas, conhecedoras das dimens\u00f5es te\u00f3ricas, t\u00e9cnicas, \u00e9ticas e sociais do jornalismo. <\/p>\n<p>O nosso compromisso \u00e9 continuar oferecendo esta forma\u00e7\u00e3o aos nossos alunos, aperfei\u00e7oando continuamente nosso trabalho, por meio da pesquisa, das parcerias com a sociedade e com as empresas de comunica\u00e7\u00e3o, do investimento em tecnologia e da qualifica\u00e7\u00e3o do corpo docente. <\/p>\n<p>Em muitos pa\u00edses, como os Estados Unidos e a Inglaterra, o diploma n\u00e3o \u00e9 obrigat\u00f3rio, mas as empresas jornal\u00edsticas contratam majoritariamente profissionais com forma\u00e7\u00e3o espec\u00edfica. Da mesma forma, existem muitas outras profiss\u00f5es em que n\u00e3o existe a obrigatoriedade do diploma, nas quais a grande maioria dos profissionais que atua no mercado \u00e9 constitu\u00edda por graduados pelas universidades. <\/p>\n<p>O momento, portanto, \u00e9 de protestar contra a decis\u00e3o do STF, denunciar o seu car\u00e1ter arbitr\u00e1rio e contr\u00e1rio aos interesses do pa\u00eds. Mas, tamb\u00e9m de reagir e isto pode ser feito principalmente de duas formas. Em primeiro lugar refor\u00e7ando a import\u00e2ncia da forma\u00e7\u00e3o superior espec\u00edfica para o exerc\u00edcio do jornalismo, mantendo a qualidade dos cursos e aprimorando-os continuamente. Em segundo, fortalecendo as iniciativas para que se construa uma nova regulamenta\u00e7\u00e3o da profiss\u00e3o, o que pode ser feito democraticamente via Congresso Nacional.<br \/>\nPaulo Roberto Bot\u00e3o (Coordenador do Curso de Jornalismo da Unimep, diretor editorial e de comunica\u00e7\u00e3o do FNPJ &#8211; F\u00f3rum Nacional de Professores de Jornalismo e diretor do Sindicato dos Jornalistas do Estado de S\u00e3o Paulo)<\/p>\n<p>II.<\/p>\n<p>COMUNICADO <\/p>\n<p>A decis\u00e3o do Supremo Tribunal Federal sobre o diploma de jornalista \u00e9 bem-vinda. Ela atesta como legal situa\u00e7\u00e3o vivida por \u00f3rg\u00e3os de imprensa, que, h\u00e1 anos, t\u00eam na sua equipe especialistas de outras \u00e1reas, com talento reconhecido, mas que n\u00e3o se formaram na profiss\u00e3o. Quaisquer que sejam as interpreta\u00e7\u00f5es sobre a decis\u00e3o do STF, por\u00e9m, para n\u00f3s das Organiza\u00e7\u00f5es Globo nada mudar\u00e1. Reconhecemos como fundamental o trabalho feito pelas Escolas de Comunica\u00e7\u00e3o Social no pa\u00eds e continuaremos a buscar nelas os nossos profissionais de jornalismo. Estes, para exercerem bem as suas atribui\u00e7\u00f5es, dependem de um conjunto de t\u00e9cnicas e conhecimentos que tem nas Escolas de Comunica\u00e7\u00e3o o seu melhor centro de difus\u00e3o. Essa cren\u00e7a nunca esteve em conflito com a nossa postura de buscar especialistas de outras \u00e1reas que possam enriquecer nossos jornais, revistas, programas jornal\u00edsticos em r\u00e1dio e TV e sites da internet. A decis\u00e3o do STF apenas ratifica uma pr\u00e1tica que sempre foi nossa.    <\/p>\n<p>Jo\u00e3o Roberto Marinho <\/p>\n<p>(Vice-presidente das Organiza\u00e7\u00f5es Globo)<\/p>\n<p>Central Globo de Comunica\u00e7\u00e3o<br \/>\nRio de Janeiro, 18 de junho de 2009.<\/p>\n","protected":false},"excerpt":{"rendered":"<p>Seguimos repercutindo a pol\u00eamica sobre o fim da obrigatoriedade do diploma universit\u00e1rio para exerc\u00edcio da profiss\u00e3o de jornalista.<\/p>\n<p>I.<\/p>\n<p>Fortalecer o jornalismo e os jornalistas jornalistas <\/p>\n<p>Por Paulo Roberto Bot\u00e3o *<\/p>\n<p>A express\u00e3o \u201cjornalistas jornalistas\u201d no t\u00edtulo n\u00e3o \u00e9 um erro de digita\u00e7\u00e3o.<\/p>\n","protected":false},"author":1,"featured_media":0,"comment_status":"closed","ping_status":"open","sticky":false,"template":"","format":"standard","meta":{"_exactmetrics_skip_tracking":false,"_exactmetrics_sitenote_active":false,"_exactmetrics_sitenote_note":"","_exactmetrics_sitenote_category":0,"_uf_show_specific_survey":0,"_uf_disable_surveys":false,"footnotes":""},"categories":[5],"tags":[],"class_list":["post-11349","post","type-post","status-publish","format-standard","hentry","category-blog"],"_links":{"self":[{"href":"https:\/\/rodolfomartino.com.br\/blog\/wp-json\/wp\/v2\/posts\/11349","targetHints":{"allow":["GET"]}}],"collection":[{"href":"https:\/\/rodolfomartino.com.br\/blog\/wp-json\/wp\/v2\/posts"}],"about":[{"href":"https:\/\/rodolfomartino.com.br\/blog\/wp-json\/wp\/v2\/types\/post"}],"author":[{"embeddable":true,"href":"https:\/\/rodolfomartino.com.br\/blog\/wp-json\/wp\/v2\/users\/1"}],"replies":[{"embeddable":true,"href":"https:\/\/rodolfomartino.com.br\/blog\/wp-json\/wp\/v2\/comments?post=11349"}],"version-history":[{"count":1,"href":"https:\/\/rodolfomartino.com.br\/blog\/wp-json\/wp\/v2\/posts\/11349\/revisions"}],"predecessor-version":[{"id":16609,"href":"https:\/\/rodolfomartino.com.br\/blog\/wp-json\/wp\/v2\/posts\/11349\/revisions\/16609"}],"wp:attachment":[{"href":"https:\/\/rodolfomartino.com.br\/blog\/wp-json\/wp\/v2\/media?parent=11349"}],"wp:term":[{"taxonomy":"category","embeddable":true,"href":"https:\/\/rodolfomartino.com.br\/blog\/wp-json\/wp\/v2\/categories?post=11349"},{"taxonomy":"post_tag","embeddable":true,"href":"https:\/\/rodolfomartino.com.br\/blog\/wp-json\/wp\/v2\/tags?post=11349"}],"curies":[{"name":"wp","href":"https:\/\/api.w.org\/{rel}","templated":true}]}}