{"id":12602,"date":"2013-09-17T00:00:00","date_gmt":"2013-09-17T00:00:00","guid":{"rendered":""},"modified":"2017-09-15T19:17:27","modified_gmt":"2017-09-15T19:17:27","slug":"verissimo-e-as-velhas-redacoes","status":"publish","type":"post","link":"https:\/\/rodolfomartino.com.br\/blog\/verissimo-e-as-velhas-redacoes\/","title":{"rendered":"Ver\u00edssimo e as velhas reda\u00e7\u00f5es"},"content":{"rendered":"<p>\u201cNos jornais, o efeito do computador foi muito maior do que o fim da lauda rabiscada e da prova de paqu\u00ea. O computador restabeleceu o que n\u00e3o existia nas reda\u00e7\u00f5es desde \u2013 bem, desde as penas de ganso. O sil\u00eancio. Um dia algu\u00e9m ainda vai escrever um tratado sobre as conseq\u00fc\u00eancias para o jornalismo mundial da substitui\u00e7\u00e3o do metralhar das m\u00e1quinas de escrever pelo leve clicar dos teclados dos micros, que transformou as reda\u00e7\u00f5es, de usinas em claustros. A desnecessidade do grito para se fazer ouvir mudou o car\u00e1ter do jornalista para melhor ou o fim da identifica\u00e7\u00e3o com um honesto e barulhento trabalho bra\u00e7al lhe roubou a velha fibra? <\/p>\n<p>Talvez ainda seja cedo para saber.\u201d<\/p>\n<p>II.<\/p>\n<p>Transcrevo trecho da cr\u00f4nica de Luiz Fernando Ver\u00edssimo (A Troca, publicada em O Estado de S.Paulo, em 12 de setembro) porque sou simp\u00e1tico ao assunto. <\/p>\n<p>Talvez fosse mais apropriado dizer: nost\u00e1lgico, saudoso.<\/p>\n<p>Ali\u00e1s, o meu segundo livro \u201cMeus Caros Amigos \u2013 Cr\u00f4nicas sobre jornalistas, bo\u00eamios e paix\u00f5es\u201d nasce exatamente desse meu estranhamento nas visitas que, vez ou outra, fa\u00e7o \u00e0s reda\u00e7\u00f5es. Como escrevi na apresenta\u00e7\u00e3o do livro, fico surpreso com o tom civilizado das conversas entre jornalistas, \u201cMas o que mais me entristece \u00e9 que n\u00e3o mais ou\u00e7o ali o toc-toc-toc intermitente, a raps\u00f3dia das m\u00e1quinas de escrever, quase encoberta pelo vozerio da rapaziada no del\u00edrio do fechamento.\u201d<\/p>\n<p>III.<\/p>\n<p>Meu filho, jornalista da nova safra, me diz que no online o \u2018fechamento\u2019 se d\u00e1 minuto a minuto. <\/p>\n<p>Deve ter a\u00ed seus encantos.<\/p>\n<p>N\u00e3o ouso perguntar quais.<\/p>\n<p>\u00c9 prov\u00e1vel que n\u00e3o soubesse reconhec\u00ea-los.<\/p>\n","protected":false},"excerpt":{"rendered":"<p>\u201cNos jornais, o efeito do computador foi muito maior do que o fim da lauda rabiscada e da prova de paqu\u00ea. O computador restabeleceu o que n\u00e3o existia nas reda\u00e7\u00f5es desde \u2013 bem,<\/p>\n","protected":false},"author":1,"featured_media":0,"comment_status":"closed","ping_status":"open","sticky":false,"template":"","format":"standard","meta":{"_exactmetrics_skip_tracking":false,"_exactmetrics_sitenote_active":false,"_exactmetrics_sitenote_note":"","_exactmetrics_sitenote_category":0,"_uf_show_specific_survey":0,"_uf_disable_surveys":false,"footnotes":""},"categories":[5],"tags":[],"class_list":["post-12602","post","type-post","status-publish","format-standard","hentry","category-blog"],"_links":{"self":[{"href":"https:\/\/rodolfomartino.com.br\/blog\/wp-json\/wp\/v2\/posts\/12602","targetHints":{"allow":["GET"]}}],"collection":[{"href":"https:\/\/rodolfomartino.com.br\/blog\/wp-json\/wp\/v2\/posts"}],"about":[{"href":"https:\/\/rodolfomartino.com.br\/blog\/wp-json\/wp\/v2\/types\/post"}],"author":[{"embeddable":true,"href":"https:\/\/rodolfomartino.com.br\/blog\/wp-json\/wp\/v2\/users\/1"}],"replies":[{"embeddable":true,"href":"https:\/\/rodolfomartino.com.br\/blog\/wp-json\/wp\/v2\/comments?post=12602"}],"version-history":[{"count":1,"href":"https:\/\/rodolfomartino.com.br\/blog\/wp-json\/wp\/v2\/posts\/12602\/revisions"}],"predecessor-version":[{"id":15414,"href":"https:\/\/rodolfomartino.com.br\/blog\/wp-json\/wp\/v2\/posts\/12602\/revisions\/15414"}],"wp:attachment":[{"href":"https:\/\/rodolfomartino.com.br\/blog\/wp-json\/wp\/v2\/media?parent=12602"}],"wp:term":[{"taxonomy":"category","embeddable":true,"href":"https:\/\/rodolfomartino.com.br\/blog\/wp-json\/wp\/v2\/categories?post=12602"},{"taxonomy":"post_tag","embeddable":true,"href":"https:\/\/rodolfomartino.com.br\/blog\/wp-json\/wp\/v2\/tags?post=12602"}],"curies":[{"name":"wp","href":"https:\/\/api.w.org\/{rel}","templated":true}]}}