{"id":12603,"date":"2013-09-18T00:00:00","date_gmt":"2013-09-18T00:00:00","guid":{"rendered":""},"modified":"2017-09-15T19:17:27","modified_gmt":"2017-09-15T19:17:27","slug":"meu-humilde-parecer","status":"publish","type":"post","link":"https:\/\/rodolfomartino.com.br\/blog\/meu-humilde-parecer\/","title":{"rendered":"Meu humilde parecer"},"content":{"rendered":"<p>N\u00e3o v\u00e1 o sapateiro al\u00e9m das chinelas.<\/p>\n<p>A filosofia da vov\u00f3 \u2013 no tempo em que eu era o neto \u2013 \u00e9 mais do que verdadeira para iniciarmos o post de hoje em que, inevitavelmente, tento comentar as implica\u00e7\u00f5es do voto do STF que vai decidir o sim e o n\u00e3o dos tais embargos infringentes.<\/p>\n<p>N\u00e3o sou doutor em leis \u2013 ali\u00e1s, tudo o que sei, como diria o poeta, \u00e9 que nada sei. Mas, humildemente, endosso e dou f\u00e9 ao que os ministros hoje decidirem. <\/p>\n<p>Acompanhei as discuss\u00f5es \u2013 em alguns momentos, bem acaloradas \u2013 e pude perceber que todos \u2013 \u00e9 o \u00f3bvio o que vou dizer &#8211; sabem bem o que est\u00e3o defendendo. Seguem uma linha de pensamento pr\u00f3pria, com base em premissas que acreditam \u2013 creio \u2013 privilegiar o Direito e o bem comum.<\/p>\n<p>Mesmo assim \u2013 e apesar da m\u00eddia tradicional e mesmo as redes sociais estarem batendo o bumbo de que vivemos uma situa\u00e7\u00e3o limite \u2013 esse clima de Corinthians e Palmeiras, que envolve a sess\u00e3o de hoje, em nada contribui para a constru\u00e7\u00e3o de um Pa\u00eds, onde verdadeiramente prevale\u00e7a a justi\u00e7a social.<\/p>\n<p>J\u00e1 vivemos outros momentos em que o clamor popular se fez delirantemente presente e que, imaginamos tolamente, vencida aquela triste etapa, nasceria um novo Brasil. Lembram? O fim da ditadura, o plano cruzado, o impeachment de Collor, a decad\u00eancia de caciques como ACM, Maluf e que tais, o afastamento de Celso Pitta e outros tantos e tamanhos.<\/p>\n<p>Al\u00e9m de cobrarmos pela justa puni\u00e7\u00e3o ao mensal\u00e3o e aos mensaleiros, cabe-nos a tarefa part\u00edcipe de continuarmos mobilizados em prol de apura\u00e7\u00e3o igualmente conclusiva para esc\u00e2ndalos outros que continuam corroendo nosso bolso de contribuinte e nossa alma. N\u00e3o podemos fechar os olhos para os mensalinhos, os cachoeiras que grassam impunes, o tr\u00e1fico de influ\u00eancias, os lobbys perniciosos, as licita\u00e7\u00f5es com cartas marcadas, obras superfaturadas e outros tantos esquemas afins.<\/p>\n<p>Defendo a soberania do voto do ministro Celso Mello, tenha a propens\u00e3o que tiver. \u00c9 o m\u00ednimo que se espera de uma sociedade que preza o equil\u00edbrio entre os poderes e os valores democr\u00e1ticos.<\/p>\n<p>Deixemos o nosso lado geraldino e arquibaldo para as ensolaradas tardes de domingo.<\/p>\n<p>Ali\u00e1s, nem sei se a express\u00e3o, consagrada por Gonzaguinha na c\u00e9lebre can\u00e7\u00e3o de protesto, ainda serve para as tais \u2018arenas\u2019 padr\u00e3o Fifa (sic), constru\u00eddas, diga-se, com o dinheiro do contribuinte,<\/p>\n","protected":false},"excerpt":{"rendered":"<p>N\u00e3o v\u00e1 o sapateiro al\u00e9m das chinelas.<\/p>\n<p>A filosofia da vov\u00f3 \u2013 no tempo em que eu era o neto \u2013 \u00e9 mais do que verdadeira para iniciarmos o post de hoje em que,<\/p>\n","protected":false},"author":1,"featured_media":0,"comment_status":"closed","ping_status":"open","sticky":false,"template":"","format":"standard","meta":{"_exactmetrics_skip_tracking":false,"_exactmetrics_sitenote_active":false,"_exactmetrics_sitenote_note":"","_exactmetrics_sitenote_category":0,"_uf_show_specific_survey":0,"_uf_disable_surveys":false,"footnotes":""},"categories":[5],"tags":[],"class_list":["post-12603","post","type-post","status-publish","format-standard","hentry","category-blog"],"_links":{"self":[{"href":"https:\/\/rodolfomartino.com.br\/blog\/wp-json\/wp\/v2\/posts\/12603","targetHints":{"allow":["GET"]}}],"collection":[{"href":"https:\/\/rodolfomartino.com.br\/blog\/wp-json\/wp\/v2\/posts"}],"about":[{"href":"https:\/\/rodolfomartino.com.br\/blog\/wp-json\/wp\/v2\/types\/post"}],"author":[{"embeddable":true,"href":"https:\/\/rodolfomartino.com.br\/blog\/wp-json\/wp\/v2\/users\/1"}],"replies":[{"embeddable":true,"href":"https:\/\/rodolfomartino.com.br\/blog\/wp-json\/wp\/v2\/comments?post=12603"}],"version-history":[{"count":1,"href":"https:\/\/rodolfomartino.com.br\/blog\/wp-json\/wp\/v2\/posts\/12603\/revisions"}],"predecessor-version":[{"id":15413,"href":"https:\/\/rodolfomartino.com.br\/blog\/wp-json\/wp\/v2\/posts\/12603\/revisions\/15413"}],"wp:attachment":[{"href":"https:\/\/rodolfomartino.com.br\/blog\/wp-json\/wp\/v2\/media?parent=12603"}],"wp:term":[{"taxonomy":"category","embeddable":true,"href":"https:\/\/rodolfomartino.com.br\/blog\/wp-json\/wp\/v2\/categories?post=12603"},{"taxonomy":"post_tag","embeddable":true,"href":"https:\/\/rodolfomartino.com.br\/blog\/wp-json\/wp\/v2\/tags?post=12603"}],"curies":[{"name":"wp","href":"https:\/\/api.w.org\/{rel}","templated":true}]}}