{"id":12625,"date":"2013-10-18T00:00:00","date_gmt":"2013-10-18T00:00:00","guid":{"rendered":""},"modified":"2018-03-29T22:27:47","modified_gmt":"2018-03-29T22:27:47","slug":"recado-de-primavera","status":"publish","type":"post","link":"https:\/\/rodolfomartino.com.br\/blog\/recado-de-primavera\/","title":{"rendered":"Recado de Primavera"},"content":{"rendered":"<p><em><strong>Rubem Braga<\/strong><\/em><\/p>\n<p>Meu caro Vinicius de Moraes:<\/p>\n<p>Escrevo-lhe aqui de Ipanema para lhe dar uma not\u00edcia grave: A Primavera chegou. Voc\u00ea partiu antes. \u00c9 a primeira Primavera, de 1913 para c\u00e1, sem a sua participa\u00e7\u00e3o. Seu nome virou placa de rua; e nessa rua, que tem seu nome na placa, vi ontem tr\u00eas garotas de Ipanema que usavam minissaias. Parece que a moda voltou nesta Primavera \u2014 acho que voc\u00ea aprovaria. O mar anda virado; houve uma Lestada muito forte, depois veio um Sudoeste com chuva e frio. E daqui de minha casa vejo uma vaga de espuma galgar o cost\u00e3o sul da Ilha das Palmas. S\u00e3o viol\u00eancias primaveris.<\/p>\n<p>O sinal mais humilde da chegada da Primavera vi aqui junto de minha varanda. Um tico-tico com uma folhinha seca de capim no bico. Ele est\u00e1 fazendo ninho numa touceira de samambaia, debaixo da pitangueira. Pouco depois vi que se aproximava, muito matreiro, um p\u00e1ssaro-preto, desses que chamam de chopim. N\u00e3o trazia nada no bico; vinha apenas fiscalizar, saber se o outro j\u00e1 havia arrumado o ninho para ele p\u00f4r seus ovos.<\/p>\n<p>Isto \u00e9 uma hist\u00f3ria t\u00e3o antiga que parece que s\u00f3 podia acontecer l\u00e1 no fundo da ro\u00e7a, talvez no tempo do Imp\u00e9rio. Pois est\u00e1 acontecendo aqui em Ipanema, em minha casa, poeta. Acontecendo como a Primavera. Estive em Blumenau, onde h\u00e1 moitas de azal\u00e9ias e manac\u00e1s em flor; e em cada mocinha loira, uma esperan\u00e7a de Vera Fischer. Agora vou ao Maranh\u00e3o, reino de Ferreira Gullar, cuja poesia voc\u00ea tanto amava, e que fez 50 anos. O tempo vai passando, poeta. Chega a Primavera nesta Ipanema, toda cheia de sua m\u00fasica e de seus versos. Eu ainda vou ficando um pouco por aqui \u2014 a vigiar, em seu nome, as ondas, os tico-ticos e as mo\u00e7as em flor. Adeus.<\/p>\n<p><em>* Setembro, 1980.<\/em><br \/>\n<em> Publicada no livro Recado de Primavera<\/em><\/p>\n","protected":false},"excerpt":{"rendered":"<p><em><strong>Rubem Braga<\/strong><\/em><\/p>\n<p>Meu caro Vinicius de Moraes:<\/p>\n<p>Escrevo-lhe aqui de Ipanema para lhe dar uma not\u00edcia grave: A Primavera chegou. Voc\u00ea partiu antes.<\/p>\n","protected":false},"author":1,"featured_media":0,"comment_status":"closed","ping_status":"open","sticky":false,"template":"","format":"standard","meta":{"_exactmetrics_skip_tracking":false,"_exactmetrics_sitenote_active":false,"_exactmetrics_sitenote_note":"","_exactmetrics_sitenote_category":0,"_uf_show_specific_survey":0,"_uf_disable_surveys":false,"footnotes":""},"categories":[6],"tags":[],"class_list":["post-12625","post","type-post","status-publish","format-standard","hentry","category-uns-e-outros"],"_links":{"self":[{"href":"https:\/\/rodolfomartino.com.br\/blog\/wp-json\/wp\/v2\/posts\/12625","targetHints":{"allow":["GET"]}}],"collection":[{"href":"https:\/\/rodolfomartino.com.br\/blog\/wp-json\/wp\/v2\/posts"}],"about":[{"href":"https:\/\/rodolfomartino.com.br\/blog\/wp-json\/wp\/v2\/types\/post"}],"author":[{"embeddable":true,"href":"https:\/\/rodolfomartino.com.br\/blog\/wp-json\/wp\/v2\/users\/1"}],"replies":[{"embeddable":true,"href":"https:\/\/rodolfomartino.com.br\/blog\/wp-json\/wp\/v2\/comments?post=12625"}],"version-history":[{"count":3,"href":"https:\/\/rodolfomartino.com.br\/blog\/wp-json\/wp\/v2\/posts\/12625\/revisions"}],"predecessor-version":[{"id":18598,"href":"https:\/\/rodolfomartino.com.br\/blog\/wp-json\/wp\/v2\/posts\/12625\/revisions\/18598"}],"wp:attachment":[{"href":"https:\/\/rodolfomartino.com.br\/blog\/wp-json\/wp\/v2\/media?parent=12625"}],"wp:term":[{"taxonomy":"category","embeddable":true,"href":"https:\/\/rodolfomartino.com.br\/blog\/wp-json\/wp\/v2\/categories?post=12625"},{"taxonomy":"post_tag","embeddable":true,"href":"https:\/\/rodolfomartino.com.br\/blog\/wp-json\/wp\/v2\/tags?post=12625"}],"curies":[{"name":"wp","href":"https:\/\/api.w.org\/{rel}","templated":true}]}}