{"id":13694,"date":"2017-07-03T00:00:00","date_gmt":"2017-07-03T00:00:00","guid":{"rendered":""},"modified":"2017-09-15T18:35:25","modified_gmt":"2017-09-15T18:35:25","slug":"pega-mata-e-come","status":"publish","type":"post","link":"https:\/\/rodolfomartino.com.br\/blog\/pega-mata-e-come\/","title":{"rendered":"Pega, mata e come"},"content":{"rendered":"<p>Eu conhecia o Juliano de outros carnavais.<\/p>\n<p>Sabia o apelido \u201cCarcar\u00e1\u2019 \u2013 e a fama, de pavio curto.<\/p>\n<p>N\u00e3o conhecia o figura que se aproximara da nossa roda e que falava sem parar, cheio de raz\u00e3o. <\/p>\n<p>Como se fosse o Gilmar Mendes do peda\u00e7o.<\/p>\n<p>Temi pelo que poderia acontecer nos pr\u00f3ximos instantes. <\/p>\n<p>Nunca tive voca\u00e7\u00e3o para estar no epicentro das tormentas.<\/p>\n<p>Eu, hein!<\/p>\n<p>II.<\/p>\n<p>Pensei em dar o fora dali. <\/p>\n<p>Mas, s\u00f3 pensei&#8230; <\/p>\n<p>Logo o Juliano olhou pra mim e, no melhor estilo Carcar\u00e1, cobrou uma atitude, do tipo: \u201cE a\u00ed? Voc\u00ea ou eu? Quem vai dar um cola-brinco nesse l\u00f3ki?\u201d<\/p>\n<p>Para ser sincero, tamb\u00e9m n\u00e3o tinha ido com a fu\u00e7a do sujeito, mas, bem a meu jeito, fiz cara de paisagem porque mesa de bar \u00e9 um espa\u00e7o p\u00fablico e democr\u00e1tico.<\/p>\n<p>Tamb\u00e9m porque imaginei que, se me fizesse de indiferente, talvez inspirasse o Carcar\u00e1, que \u00e9 meu camarada, ao sossego. O homem quando perde as estribeiras \u00e9 um sai-de-baixo. Um trem fora dos trilhos&#8230;<\/p>\n<p>III.<\/p>\n<p>S\u00f3 que o outro, o figura, era sem no\u00e7\u00e3o. N\u00e3o tinha controle, n\u00e3o parava de falar. Um papo chimfrim, sem p\u00e9, nem cabe\u00e7a, que n\u00e3o interessava a ningu\u00e9m por ali. <\/p>\n<p>\u201cEu fiz isso, fiz aquilo. Viajei pra l\u00e1, pra acol\u00e1. Esse pa\u00eds t\u00e1 que \u00e9 uma draga s\u00f3. Culpa do pov\u00e3o que n\u00e3o sabe votar. S\u00f3 pensa em futebol, festa, carnaval\u201d.<\/p>\n<p>E d\u00e1-lhe lorota em cima de lorota.<\/p>\n<p>IV.<\/p>\n<p>Eu j\u00e1 estava entrando em alfa quando senti a rosnada do Juliano\/Carcar\u00e1 na minha dire\u00e7\u00e3o.<\/p>\n<p>Numa tradu\u00e7\u00e3o bem singela, o rosnar resumia-se ao seguinte:<\/p>\n<p>\u201cOu voc\u00ea faz o cara fechar a boca ou eu mato imbecil de pancada?\u201d<\/p>\n<p>Simples assim.<\/p>\n<p>V.<\/p>\n<p>Dei uma bufada no melhor estilo Felip\u00e3o e lembrei o bord\u00e3o do grande Z\u00e9 Trindade:<\/p>\n<p>\u201cMas o que \u00e9 a natureza!\u201d<\/p>\n<p>A gente sai para relaxar no fim de tarde, tomar umas e outras, rever alguns amigos e cousa e lousa e, de repente, n\u00e3o mais que de repente, est\u00e1 na linha de tiro.<\/p>\n<p>\u00d4 vida&#8230;<\/p>\n<p>VI.<\/p>\n<p>O Oswaldinho pediu licen\u00e7a e saiu da mesa. O Gera inventou de ir ao banheiro, e vi que se mandou. O Cebola saiu \u00e0 francesa. Cada um disfar\u00e7ando, mas com a comanda na m\u00e3o. <\/p>\n<p>O quorum ia se esvaziando, o doming\u00e3o se esvaindo e o Fulano ainda e sempre nos quasquasqu\u00e1s.<\/p>\n<p>VII. <\/p>\n<p>Olhei o Juliano e o corpo do homem tamb\u00e9m falava \u2013 e n\u00e3o era coisa boa n\u00e3o. <\/p>\n<p>Intu\u00ed o que estava por vir. Olhar esbugalhado, respira\u00e7\u00e3o em alta e crescente, a perna direita cruzada sobre a outra, tremelicando o p\u00e9 direito pra l\u00e1 e pra c\u00e1&#8230;<\/p>\n<p>A solu\u00e7\u00e3o era bater em retirada. <\/p>\n<p>Mas, com o deixar o Juliano\/Carcar\u00e1 sozinho com a presa?<\/p>\n<p>VIII.<\/p>\n<p>Arlindo, o dono do boteco, poderia intervir.<\/p>\n<p>Seria a salva\u00e7\u00e3o.<\/p>\n<p>Mal virei o rosto para lhe pedir ajuda e \u201ca salva\u00e7\u00e3o\u201d escafedeu-se para dentro da cozinha&#8230;<\/p>\n<p>IX.<\/p>\n<p>Foi a senha.<\/p>\n<p>Neste exato instante, as luzes se apagaram e, l\u00e1 do fundo da cozinha, surgiu um ponto de luz faiscante e um coro de vozes tomou o boteco:<\/p>\n<p>\u201cParab\u00e9ns a voc\u00ea&#8230;\u201d<\/p>\n<p>X.<\/p>\n<p>Era anivers\u00e1rio do Juliano \u201cPega, Mata e Come\u201d e a turma lhe preparou uma festinha surpresa. O rapaz que invadiu a cena era um ator contratado para fazer a tal \u201cpegadinha\u201d.<\/p>\n<p>O Juli\u00e3o sequer desconfiou.<\/p>\n<p>Reclamou que s\u00f3 ele n\u00e3o sabia. Quer dizer ele, eu e o rapaz do teatro que sequer imaginou o risco que correu&#8230;<\/p>\n","protected":false},"excerpt":{"rendered":"<p>Eu conhecia o Juliano de outros carnavais.<\/p>\n<p>Sabia o apelido \u201cCarcar\u00e1\u2019 \u2013 e a fama, de pavio curto.<\/p>\n<p>N\u00e3o conhecia o figura que se aproximara da nossa roda e que falava sem parar,<\/p>\n","protected":false},"author":1,"featured_media":0,"comment_status":"closed","ping_status":"open","sticky":false,"template":"","format":"standard","meta":{"_exactmetrics_skip_tracking":false,"_exactmetrics_sitenote_active":false,"_exactmetrics_sitenote_note":"","_exactmetrics_sitenote_category":0,"_uf_show_specific_survey":0,"_uf_disable_surveys":false,"footnotes":""},"categories":[5],"tags":[],"class_list":["post-13694","post","type-post","status-publish","format-standard","hentry","category-blog"],"_links":{"self":[{"href":"https:\/\/rodolfomartino.com.br\/blog\/wp-json\/wp\/v2\/posts\/13694","targetHints":{"allow":["GET"]}}],"collection":[{"href":"https:\/\/rodolfomartino.com.br\/blog\/wp-json\/wp\/v2\/posts"}],"about":[{"href":"https:\/\/rodolfomartino.com.br\/blog\/wp-json\/wp\/v2\/types\/post"}],"author":[{"embeddable":true,"href":"https:\/\/rodolfomartino.com.br\/blog\/wp-json\/wp\/v2\/users\/1"}],"replies":[{"embeddable":true,"href":"https:\/\/rodolfomartino.com.br\/blog\/wp-json\/wp\/v2\/comments?post=13694"}],"version-history":[{"count":1,"href":"https:\/\/rodolfomartino.com.br\/blog\/wp-json\/wp\/v2\/posts\/13694\/revisions"}],"predecessor-version":[{"id":14362,"href":"https:\/\/rodolfomartino.com.br\/blog\/wp-json\/wp\/v2\/posts\/13694\/revisions\/14362"}],"wp:attachment":[{"href":"https:\/\/rodolfomartino.com.br\/blog\/wp-json\/wp\/v2\/media?parent=13694"}],"wp:term":[{"taxonomy":"category","embeddable":true,"href":"https:\/\/rodolfomartino.com.br\/blog\/wp-json\/wp\/v2\/categories?post=13694"},{"taxonomy":"post_tag","embeddable":true,"href":"https:\/\/rodolfomartino.com.br\/blog\/wp-json\/wp\/v2\/tags?post=13694"}],"curies":[{"name":"wp","href":"https:\/\/api.w.org\/{rel}","templated":true}]}}