{"id":13695,"date":"2017-07-04T00:00:00","date_gmt":"2017-07-04T00:00:00","guid":{"rendered":""},"modified":"2017-09-15T18:35:25","modified_gmt":"2017-09-15T18:35:25","slug":"saldanha-e-a-copa-de-82","status":"publish","type":"post","link":"https:\/\/rodolfomartino.com.br\/blog\/saldanha-e-a-copa-de-82\/","title":{"rendered":"Saldanha e a Copa de 82"},"content":{"rendered":"<p>Tento  em um s\u00f3 post reverenciar duas datas:<\/p>\n<p>1 &#8211; o centen\u00e1rio do grande Jo\u00e3o Saldanha [que se deu ontem, 3 de julho]\n<p>2 &#8211; os quinze anos da trag\u00e9dia de Sarri\u00e1 [a serem completados amanh\u00e3, quando este humilde cronista j\u00e1 estar\u00e1 em gozo de f\u00e9rias].<\/p>\n<p>Para tanto valho-me de parte da apresenta\u00e7\u00e3o que o jornalista Ruy Castro fez para o livro \u201cO Trauma da Bola \u2013 A Copa de 82\u201d, de autoria do saudoso Jo\u00e3o, que retrata o Mundial de 82 e as raz\u00f5es que culminaram para a nossa derrocada diante da It\u00e1lia, por 3&#215;2, naquele fat\u00eddico 5 de julho.<\/p>\n<p>\u201cO pa\u00eds estava em estado de gra\u00e7a. Com Zico, Falc\u00e3o, S\u00f3crates, Cerezo e J\u00fanior \u2013 a mais brilhante gera\u00e7\u00e3o brasileira desde a de Pel\u00e9 e Garrincha -, a Sele\u00e7\u00e3o parecia invenc\u00edvel. E, ent\u00e3o, veio o jogo contra a It\u00e1lia, no dia 5 de julho, em Barcelona. Perdemos. O Brasil voltou para casa \u2013 para uma casa habitada por 120 milh\u00f5es de torcedores at\u00f4nitos com o desastre. Um TRAUMA DA BOLA nacional. Mas, na Espanha, mesmo durante as vit\u00f3rias, um homem n\u00e3o se cansara de denunciar os erros da prepara\u00e7\u00e3o, as teimosias do treinador e a possibilidade de uma decep\u00e7\u00e3o: Jo\u00e3o Saldanha.\u201d<\/p>\n<p>(&#8230;)<\/p>\n<p>Jo\u00e3o Saldanha \u00e9 um marco na hist\u00f3ria do jornalismo esportivo brasileiro. Nasceu em Alegrete (RS). Foi treinador do Botafogo (campe\u00e3o carioca de 1957) e comandou a sele\u00e7\u00e3o brasileira nas eliminat\u00f3rias para a Copa de 1970.  Ao lado de Armando Nogueira e N\u00e9lson Rodrigues, forma a tr\u00edade que inspira ainda hoje nossa cr\u00f4nica esportiva. J\u00e1 naquela \u00e9poca, o homem era multim\u00eddia, com participa\u00e7\u00e3o na  TV, no r\u00e1dio e no jornal impresso. <\/p>\n<p>Seu livro \u201cSubterr\u00e2neos do Futebol\u201d, lan\u00e7ado em 1963, \u00e9 um or\u00e1culo para as novas gera\u00e7\u00f5es. <\/p>\n<p>Jo\u00e3o Sem Medo (apelido que recebeu pela sua firme atua\u00e7\u00e3o pol\u00edtica, mesmo em tempos ditatoriais) morreu em 1990, em Roma, ap\u00f3s a d\u00e9cima quarta Copa do Mundo. Fez quest\u00e3o de ir para a It\u00e1lia, contrariando ordens m\u00e9dicas. Foi a d\u00e9cima segunda Copa em que trabalhou&#8230;<\/p>\n<p>(&#8230;)<\/p>\n<p>Fiquem com Deus, caros leitores.<\/p>\n<p>Volto l\u00e1 pelo dia 20 de julho.<\/p>\n<p>Abra\u00e7o<\/p>\n","protected":false},"excerpt":{"rendered":"<p>Tento  em um s\u00f3 post reverenciar duas datas:<\/p>\n<p>1 &#8211; o centen\u00e1rio do grande Jo\u00e3o Saldanha [que se deu ontem, 3 de julho]\n<\/p>\n<p>2 &#8211; os quinze anos da trag\u00e9dia de Sarri\u00e1 [a serem completados amanh\u00e3,<\/p>\n","protected":false},"author":1,"featured_media":0,"comment_status":"closed","ping_status":"open","sticky":false,"template":"","format":"standard","meta":{"_exactmetrics_skip_tracking":false,"_exactmetrics_sitenote_active":false,"_exactmetrics_sitenote_note":"","_exactmetrics_sitenote_category":0,"_uf_show_specific_survey":0,"_uf_disable_surveys":false,"footnotes":""},"categories":[5],"tags":[],"class_list":["post-13695","post","type-post","status-publish","format-standard","hentry","category-blog"],"_links":{"self":[{"href":"https:\/\/rodolfomartino.com.br\/blog\/wp-json\/wp\/v2\/posts\/13695","targetHints":{"allow":["GET"]}}],"collection":[{"href":"https:\/\/rodolfomartino.com.br\/blog\/wp-json\/wp\/v2\/posts"}],"about":[{"href":"https:\/\/rodolfomartino.com.br\/blog\/wp-json\/wp\/v2\/types\/post"}],"author":[{"embeddable":true,"href":"https:\/\/rodolfomartino.com.br\/blog\/wp-json\/wp\/v2\/users\/1"}],"replies":[{"embeddable":true,"href":"https:\/\/rodolfomartino.com.br\/blog\/wp-json\/wp\/v2\/comments?post=13695"}],"version-history":[{"count":1,"href":"https:\/\/rodolfomartino.com.br\/blog\/wp-json\/wp\/v2\/posts\/13695\/revisions"}],"predecessor-version":[{"id":14361,"href":"https:\/\/rodolfomartino.com.br\/blog\/wp-json\/wp\/v2\/posts\/13695\/revisions\/14361"}],"wp:attachment":[{"href":"https:\/\/rodolfomartino.com.br\/blog\/wp-json\/wp\/v2\/media?parent=13695"}],"wp:term":[{"taxonomy":"category","embeddable":true,"href":"https:\/\/rodolfomartino.com.br\/blog\/wp-json\/wp\/v2\/categories?post=13695"},{"taxonomy":"post_tag","embeddable":true,"href":"https:\/\/rodolfomartino.com.br\/blog\/wp-json\/wp\/v2\/tags?post=13695"}],"curies":[{"name":"wp","href":"https:\/\/api.w.org\/{rel}","templated":true}]}}