{"id":25598,"date":"2021-08-17T04:30:56","date_gmt":"2021-08-17T04:30:56","guid":{"rendered":"http:\/\/rodolfomartino.com.br\/blog\/?p=25598"},"modified":"2021-08-21T13:12:40","modified_gmt":"2021-08-21T13:12:40","slug":"pre-lancamento","status":"publish","type":"post","link":"https:\/\/rodolfomartino.com.br\/blog\/pre-lancamento\/","title":{"rendered":"Pr\u00e9-lan\u00e7amento"},"content":{"rendered":"<p>Escrevi essa hist\u00f3ria em 98\/99 num ensolarado janeiro em S\u00e3o Jos\u00e9 do Barreiro, cidade acolhedora, aos p\u00e9s da Serra da Bocaina, no Vale do Para\u00edba em S\u00e3o Paulo.<\/p>\n<p>Deixei que o tempo a destilasse a seu bel-prazer.<\/p>\n<p>Um tanto pelos compromissos que a vida nos imp\u00f5e, outro muito pela absoluta hesita\u00e7\u00e3o deste humilde rep\u00f3rter vira-lata\u00a0 em transitar entre a realidade e a fic\u00e7\u00e3o.<\/p>\n<p>Enfim&#8230;<\/p>\n<p>Sabe aqueles dizeres comuns que antecedem a v\u00e1rios filmes<\/p>\n<p><em>Inspirados em fatos reais.<\/em><\/p>\n<p>Pois \u00e9, neste caso, diria que o nosso folhetim \u00e9:<\/p>\n<p><em>Inspirado em fatos (quase) reais.<\/em><\/p>\n<p>Falaremos sobre isso nos pr\u00f3ximos posts&#8230;<\/p>\n<p>O fato \u00e9 que, por ocasi\u00e3o do obrigat\u00f3rio distanciamento social, em raz\u00e3o da tr\u00e1gica pandemia que ora vivemos, tive o impulso (e a ousadia) de resgat\u00e1-la e public\u00e1-la em cap\u00edtulos di\u00e1rios, de meados de mar\u00e7o a maio de 2020, no Blog. Assim, imaginei, daria um entretenimento a mais aos meus quatro ou cinco leitores, al\u00e9m de escapar ao desalentador notici\u00e1rio que nos aflige desde ent\u00e3o. Mas, o intuito, meus caros, desde sempre foi v\u00ea-la impressa em forma de livro que \u00e9 o que agora acontece.<\/p>\n<p>A bem da verdade, o livro \u00e9 seu espa\u00e7o de origem &#8211; e definitivo.<\/p>\n<p>Tomara que gostem.<\/p>\n<p>Boa leitura!<\/p>\n<p>&#8230;<\/p>\n<p><iframe loading=\"lazy\" title=\"YouTube video player\" src=\"https:\/\/www.youtube.com\/embed\/Kj_V8be5WnI\" width=\"560\" height=\"315\" frameborder=\"0\" allowfullscreen=\"allowfullscreen\"><\/iframe><\/p>\n<p>&#8230;<\/p>\n<p>* <strong>Agradecimentos necess\u00e1rios, e imprescrit\u00edveis:<\/strong><\/p>\n<p><em>Ao amigo Jos\u00e9 Reis, que fez toda a diagrama\u00e7\u00e3o.<\/em><\/p>\n<p><em>Ao amigo Wilson Luque, autor da linda foto da capa.<\/em><\/p>\n<p><em>Ao Daniel Mendes e \u00e0 Cec\u00edlia, da impress\u00e3o.<\/em><\/p>\n<p><em>Ao amigo Fefeu, pela viabiliza\u00e7\u00e3o do projeto.<\/em><\/p>\n<p><em>Ao sempre_vereador Almir Guimar\u00e3es, pelo incentivo costumeiro.<\/em><\/p>\n<p><em>Ao filh\u00e3o, Rodolfo Stipp Martino, pela dedicada revis\u00e3o.<\/em><\/p>\n<p><em>\u00c0 Neisa, pela larga dose de paci\u00eancia com o autor.<\/em><\/p>\n<p><em>E aos leitores do Blog que, ao longo das postagens, foram dando seus pitacos e, creiam, mudando o rumo da hist\u00f3ria.<\/em><\/p>\n<p><em>Obrigad\u00edssimo a todos e todas!<\/em><\/p>\n<p>&#8230;<\/p>\n<p>&nbsp;<\/p>\n","protected":false},"excerpt":{"rendered":"<p>Escrevi essa hist\u00f3ria em 98\/99 num ensolarado janeiro em S\u00e3o Jos\u00e9 do Barreiro, cidade acolhedora, aos p\u00e9s da Serra da Bocaina, no Vale do Para\u00edba em S\u00e3o Paulo.<\/p>\n<p>Deixei que o tempo a destilasse a seu bel-prazer.<\/p>\n","protected":false},"author":1,"featured_media":25599,"comment_status":"open","ping_status":"open","sticky":false,"template":"","format":"standard","meta":{"_exactmetrics_skip_tracking":false,"_exactmetrics_sitenote_active":false,"_exactmetrics_sitenote_note":"","_exactmetrics_sitenote_category":0,"_uf_show_specific_survey":0,"_uf_disable_surveys":false,"footnotes":""},"categories":[5],"tags":[1207,458,1209,2089,2090,956,1212],"class_list":["post-25598","post","type-post","status-publish","format-standard","has-post-thumbnail","hentry","category-blog","tag-folhetim","tag-livro","tag-o-que-o-tempo-leva","tag-pre-lanamento","tag-pre-venda","tag-sao-jose-do-barreiro","tag-serra-da-bocaina"],"_links":{"self":[{"href":"https:\/\/rodolfomartino.com.br\/blog\/wp-json\/wp\/v2\/posts\/25598","targetHints":{"allow":["GET"]}}],"collection":[{"href":"https:\/\/rodolfomartino.com.br\/blog\/wp-json\/wp\/v2\/posts"}],"about":[{"href":"https:\/\/rodolfomartino.com.br\/blog\/wp-json\/wp\/v2\/types\/post"}],"author":[{"embeddable":true,"href":"https:\/\/rodolfomartino.com.br\/blog\/wp-json\/wp\/v2\/users\/1"}],"replies":[{"embeddable":true,"href":"https:\/\/rodolfomartino.com.br\/blog\/wp-json\/wp\/v2\/comments?post=25598"}],"version-history":[{"count":5,"href":"https:\/\/rodolfomartino.com.br\/blog\/wp-json\/wp\/v2\/posts\/25598\/revisions"}],"predecessor-version":[{"id":25627,"href":"https:\/\/rodolfomartino.com.br\/blog\/wp-json\/wp\/v2\/posts\/25598\/revisions\/25627"}],"wp:featuredmedia":[{"embeddable":true,"href":"https:\/\/rodolfomartino.com.br\/blog\/wp-json\/wp\/v2\/media\/25599"}],"wp:attachment":[{"href":"https:\/\/rodolfomartino.com.br\/blog\/wp-json\/wp\/v2\/media?parent=25598"}],"wp:term":[{"taxonomy":"category","embeddable":true,"href":"https:\/\/rodolfomartino.com.br\/blog\/wp-json\/wp\/v2\/categories?post=25598"},{"taxonomy":"post_tag","embeddable":true,"href":"https:\/\/rodolfomartino.com.br\/blog\/wp-json\/wp\/v2\/tags?post=25598"}],"curies":[{"name":"wp","href":"https:\/\/api.w.org\/{rel}","templated":true}]}}