{"id":25605,"date":"2021-08-18T04:30:28","date_gmt":"2021-08-18T04:30:28","guid":{"rendered":"http:\/\/rodolfomartino.com.br\/blog\/?p=25605"},"modified":"2021-08-19T21:48:16","modified_gmt":"2021-08-19T21:48:16","slug":"o-que-o-tempo-leva-o-retorno","status":"publish","type":"post","link":"https:\/\/rodolfomartino.com.br\/blog\/o-que-o-tempo-leva-o-retorno\/","title":{"rendered":"O que o TEMPO leva&#8230; (O retorno)"},"content":{"rendered":"<p>Vamos come\u00e7ar do come\u00e7o, como dizia o Irm\u00e3o Fid\u00e9lis em todo o in\u00edcio de aula nos meus tempos de gin\u00e1sio no Gl\u00f3ria.<\/p>\n<p>Devo, quero, preciso agradecer a todas as carinhosas manifesta\u00e7\u00f5es de felicita\u00e7\u00f5es pelo pr\u00e9-lan\u00e7amento do meu s\u00e9timo livro impresso e primeiro romance\u00a0<em>O Que o Tempo Leva&#8230;<\/em><\/p>\n<p>\u00c9 muito legal ter esse primeiro retorno.<\/p>\n<p>Mesmo que de forma virtual. No Blog, no meu WhatsApp e nas redes sociais de amigos que compartilharam e divulgaram o livro.<\/p>\n<p>Pensei em fazer uma listinha de agradecimento com o nome dos incautos. Mas, desisti pelo motivo de sempre. Toda vez que incorro nessa desdita deixo algu\u00e9m, muito querido, de fora.<\/p>\n<p>Olaia&#8230;<\/p>\n<p>&#8230;<\/p>\n<p>Passei o dia nessas saborosas confabula\u00e7\u00f5es \u00e0 dist\u00e2ncia.<\/p>\n<p>Ainda na madrugada teclei com o Escova, o amigo que se perdeu nos confins da Fran\u00e7a. Ele, a me cobrar se eu j\u00e1 lhe enviei o livro. Quer ser o primeiro a ler e comentar. Diz que, como ombudsman do Blog, tem esse direito. Prometeu pegar leve nas considera\u00e7\u00f5es.<\/p>\n<p>Ok. Aguarde &#8211; respondi.<\/p>\n<p>Ele n\u00e3o me passou o endere\u00e7o &#8211; e eu tamb\u00e9m n\u00e3o lhe perguntei.<\/p>\n<p>Deixa quieto.<\/p>\n<p>Bom, ao menos, o cidad\u00e3o deu not\u00edcia, e est\u00e1 bem &#8211; o que j\u00e1 \u00e9 um grande neg\u00f3cio.<\/p>\n<p>&#8230;<\/p>\n<p>Foi da Rafaela o primeiro coment\u00e1rio que recebi na manh\u00e3 de ontem.<\/p>\n<p>Tamb\u00e9m me cobrou:<\/p>\n<p>&#8211; N\u00e3o vai ter um encontro de lan\u00e7amento?<\/p>\n<p>Seria maravilhoso, Rafa.<\/p>\n<p>Mas, por enquanto, vamos ficar por aqui no Blog .<\/p>\n<p>Quem sabe at\u00e9 o final do ano a coisa n\u00e3o aconte\u00e7a?<\/p>\n<p>\u00d3timo rever os amigos numa tarde de s\u00e1bado ensolarada, as pessoas queridas, as conversas, os reencontros, as lembran\u00e7as, coisas daquele tempo em que \u00e9ramos felizes e n\u00e3o sab\u00edamos.<\/p>\n<p>&#8230;<\/p>\n<p><img loading=\"lazy\" decoding=\"async\" class=\"wp-image-25599 alignleft\" src=\"http:\/\/rodolfomartino.com.br\/blog\/wp-content\/uploads\/2021\/08\/anunciolivro-300x300.jpg\" alt=\"\" width=\"452\" height=\"452\" srcset=\"https:\/\/rodolfomartino.com.br\/blog\/wp-content\/uploads\/2021\/08\/anunciolivro-300x300.jpg 300w, https:\/\/rodolfomartino.com.br\/blog\/wp-content\/uploads\/2021\/08\/anunciolivro-150x150.jpg 150w, https:\/\/rodolfomartino.com.br\/blog\/wp-content\/uploads\/2021\/08\/anunciolivro-768x768.jpg 768w, https:\/\/rodolfomartino.com.br\/blog\/wp-content\/uploads\/2021\/08\/anunciolivro-1024x1024.jpg 1024w, https:\/\/rodolfomartino.com.br\/blog\/wp-content\/uploads\/2021\/08\/anunciolivro-715x715.jpg 715w, https:\/\/rodolfomartino.com.br\/blog\/wp-content\/uploads\/2021\/08\/anunciolivro-483x483.jpg 483w, https:\/\/rodolfomartino.com.br\/blog\/wp-content\/uploads\/2021\/08\/anunciolivro-360x360.jpg 360w, https:\/\/rodolfomartino.com.br\/blog\/wp-content\/uploads\/2021\/08\/anunciolivro-600x600.jpg 600w, https:\/\/rodolfomartino.com.br\/blog\/wp-content\/uploads\/2021\/08\/anunciolivro-263x263.jpg 263w, https:\/\/rodolfomartino.com.br\/blog\/wp-content\/uploads\/2021\/08\/anunciolivro.jpg 1080w\" sizes=\"auto, (max-width: 452px) 100vw, 452px\" \/>Cabe uma ressalva, por\u00e9m.<\/p>\n<p>N\u00e3o sei lidar confortavelmente com esses tais eventos Tarde\/Noite de Aut\u00f3grafos.<\/p>\n<p>Quando acerto a data com os organizadores, eu fico numa boa. Acho que est\u00e1 distante e, seguramente, todos os amigos e outras pessoas mais ir\u00e3o a livraria e vou tirar de letra aquelas tr\u00eas, quatro horinhas.<\/p>\n<p>Mas, \u00e0 medida que os dias passam e a data se aproxima, bate a ansiedade &#8211; e se ningu\u00e9m aparecer? e se cair um temporal daqueles que travam a cidade? e se eu esquecer o nome do meu melhor amigo na hora da bendita dedicat\u00f3ria? e&#8230; e&#8230; e&#8230;<\/p>\n<p>\u00c9 tenso, meus caros&#8230;<\/p>\n<p>Faz parte da liturgia da fun\u00e7\u00e3o.<\/p>\n<p>&#8230;<\/p>\n<p>Ou como diz o Carlos Art\u00falio, o Ator, um dos protagonistas do livro:<\/p>\n<p>&#8220;Sou o que imaginei ter sido? Ou n\u00e3o passo de um mero personagem de mim mesmo que, diga-se de passagem, interpreto l\u00e1 sem grande convic\u00e7\u00e3o?&#8221;<\/p>\n<p>Enfim&#8230;<\/p>\n<p>Tudo est\u00e1 bem quando termina bem.<\/p>\n<p>Como estamos s\u00f3 no come\u00e7o desse projeto\/caminhada, sigamos&#8230;<\/p>\n<p>&#8230;<\/p>\n<p><iframe loading=\"lazy\" title=\"YouTube video player\" src=\"https:\/\/www.youtube.com\/embed\/hhzzHYh0pYU\" width=\"560\" height=\"315\" frameborder=\"0\" allowfullscreen=\"allowfullscreen\"><\/iframe><\/p>\n<p>&#8230;<\/p>\n","protected":false},"excerpt":{"rendered":"<p>Vamos come\u00e7ar do come\u00e7o, como dizia o Irm\u00e3o Fid\u00e9lis em todo o in\u00edcio de aula nos meus tempos de gin\u00e1sio no Gl\u00f3ria.<\/p>\n<p>Devo, quero, preciso agradecer a todas as carinhosas manifesta\u00e7\u00f5es de felicita\u00e7\u00f5es pelo pr\u00e9-lan\u00e7amento do meu s\u00e9timo livro impresso e primeiro romance\u00a0<em>O Que o Tempo Leva&#8230;<\/em><\/p>\n","protected":false},"author":1,"featured_media":25606,"comment_status":"open","ping_status":"open","sticky":false,"template":"","format":"standard","meta":{"_exactmetrics_skip_tracking":false,"_exactmetrics_sitenote_active":false,"_exactmetrics_sitenote_note":"","_exactmetrics_sitenote_category":0,"_uf_show_specific_survey":0,"_uf_disable_surveys":false,"footnotes":""},"categories":[5],"tags":[1207,458,1209,2091,2089,2090,956,1212],"class_list":["post-25605","post","type-post","status-publish","format-standard","has-post-thumbnail","hentry","category-blog","tag-folhetim","tag-livro","tag-o-que-o-tempo-leva","tag-o-retorno","tag-pre-lanamento","tag-pre-venda","tag-sao-jose-do-barreiro","tag-serra-da-bocaina"],"_links":{"self":[{"href":"https:\/\/rodolfomartino.com.br\/blog\/wp-json\/wp\/v2\/posts\/25605","targetHints":{"allow":["GET"]}}],"collection":[{"href":"https:\/\/rodolfomartino.com.br\/blog\/wp-json\/wp\/v2\/posts"}],"about":[{"href":"https:\/\/rodolfomartino.com.br\/blog\/wp-json\/wp\/v2\/types\/post"}],"author":[{"embeddable":true,"href":"https:\/\/rodolfomartino.com.br\/blog\/wp-json\/wp\/v2\/users\/1"}],"replies":[{"embeddable":true,"href":"https:\/\/rodolfomartino.com.br\/blog\/wp-json\/wp\/v2\/comments?post=25605"}],"version-history":[{"count":6,"href":"https:\/\/rodolfomartino.com.br\/blog\/wp-json\/wp\/v2\/posts\/25605\/revisions"}],"predecessor-version":[{"id":25619,"href":"https:\/\/rodolfomartino.com.br\/blog\/wp-json\/wp\/v2\/posts\/25605\/revisions\/25619"}],"wp:featuredmedia":[{"embeddable":true,"href":"https:\/\/rodolfomartino.com.br\/blog\/wp-json\/wp\/v2\/media\/25606"}],"wp:attachment":[{"href":"https:\/\/rodolfomartino.com.br\/blog\/wp-json\/wp\/v2\/media?parent=25605"}],"wp:term":[{"taxonomy":"category","embeddable":true,"href":"https:\/\/rodolfomartino.com.br\/blog\/wp-json\/wp\/v2\/categories?post=25605"},{"taxonomy":"post_tag","embeddable":true,"href":"https:\/\/rodolfomartino.com.br\/blog\/wp-json\/wp\/v2\/tags?post=25605"}],"curies":[{"name":"wp","href":"https:\/\/api.w.org\/{rel}","templated":true}]}}