{"id":28536,"date":"2023-02-17T06:15:00","date_gmt":"2023-02-17T06:15:00","guid":{"rendered":"http:\/\/rodolfomartino.com.br\/blog\/?p=28536"},"modified":"2023-02-16T18:34:48","modified_gmt":"2023-02-16T18:34:48","slug":"corpo-8-italico","status":"publish","type":"post","link":"https:\/\/rodolfomartino.com.br\/blog\/corpo-8-italico\/","title":{"rendered":"Corpo 8, it\u00e1lico&#8230;"},"content":{"rendered":"\n<p><em>Foto: Arquivo Pessoal<\/em><\/p>\n\n\n\n<p>&#8230;<\/p>\n\n\n\n<p>\u00c9 do meu amigo e rep\u00f3rter-fotogr\u00e1fico Walter Silva a foto que ilustrou o reportagem com Ney Matogrosso que realizamos em 1979, nos tempos da velha reda\u00e7\u00e3o de piso assoalhado e grandes janel\u00f5es para rua Bom Pastor.<\/p>\n\n\n\n<p><strong><a href=\"http:\/\/www.rodolfomartino.com.br\/blog\/ney-matogrosso-em-sao-paulo-da-revista-ao-recital\/\">Ney Matogrosso em S\u00e3o Paulo. Da revista ao recital<\/a><\/strong><\/p>\n\n\n\n<p>Falei sobre a entrevista nesta semana &#8211; e n\u00e3o dei o devido cr\u00e9dito a quem fez a foto do artista.<\/p>\n\n\n\n<p>Walt\u00e3o, desculpe a nossa falha.<\/p>\n\n\n\n<p>&#8230;<\/p>\n\n\n\n<p>Foi o pr\u00f3prio Walter que simpaticamente me alertou sobre o imperdo\u00e1vel descuido.<\/p>\n\n\n\n<p>\u00d3bvio que usou a linguagem daqueles idos:<\/p>\n\n\n\n<p>&#8220;Olha no &#8216;past-up&#8217;. No canto esquerdo. Corpo 8, it\u00e1lico. S\u00f3 n\u00e3o lembro se fomos de Fusca ou de Lada&#8230; Belos tempos. Grandes lembran\u00e7as&#8221;.<\/p>\n\n\n\n<p>&#8230;<\/p>\n\n\n\n<figure class=\"wp-block-image size-large\"><img loading=\"lazy\" decoding=\"async\" width=\"1024\" height=\"548\" src=\"http:\/\/rodolfomartino.com.br\/blog\/wp-content\/uploads\/2023\/02\/neymatogrosso-1080x578-1-1024x548.jpg\" alt=\"\" class=\"wp-image-28520\" srcset=\"https:\/\/rodolfomartino.com.br\/blog\/wp-content\/uploads\/2023\/02\/neymatogrosso-1080x578-1-1024x548.jpg 1024w, https:\/\/rodolfomartino.com.br\/blog\/wp-content\/uploads\/2023\/02\/neymatogrosso-1080x578-1-300x161.jpg 300w, https:\/\/rodolfomartino.com.br\/blog\/wp-content\/uploads\/2023\/02\/neymatogrosso-1080x578-1-768x411.jpg 768w, https:\/\/rodolfomartino.com.br\/blog\/wp-content\/uploads\/2023\/02\/neymatogrosso-1080x578-1-483x258.jpg 483w, https:\/\/rodolfomartino.com.br\/blog\/wp-content\/uploads\/2023\/02\/neymatogrosso-1080x578-1-360x193.jpg 360w, https:\/\/rodolfomartino.com.br\/blog\/wp-content\/uploads\/2023\/02\/neymatogrosso-1080x578-1-600x321.jpg 600w, https:\/\/rodolfomartino.com.br\/blog\/wp-content\/uploads\/2023\/02\/neymatogrosso-1080x578-1-263x141.jpg 263w, https:\/\/rodolfomartino.com.br\/blog\/wp-content\/uploads\/2023\/02\/neymatogrosso-1080x578-1.jpg 1080w\" sizes=\"auto, (max-width: 1024px) 100vw, 1024px\" \/><\/figure>\n\n\n\n<p><\/p>\n\n\n\n<p>Pois \u00e9, meus caros&#8230;<\/p>\n\n\n\n<p>Precisei recorrer a uma potente lupa para ver o cr\u00e9dito do Walt\u00e3o no canto da foto.<\/p>\n\n\n\n<p>O amigo tem toda raz\u00e3o.<\/p>\n\n\n\n<p>Aqueles foram tempos inesquec\u00edveis.<\/p>\n\n\n\n<p>E acredite se quiser amigo, leitor! Nossa combativa reda\u00e7\u00e3o teve mesmo um refor\u00e7ada frota de ve\u00edculos composta de dois Ladas para atender o ir-e-vir da reportagem e servi\u00e7os gerais da empresa.<\/p>\n\n\n\n<p>Quem se lembra dos Ladas?<\/p>\n\n\n\n<p>Eram aqueles carrinhos russo que importamos, sei l\u00e1 quando, feinhos de tudo, todo quadrada\u00e7o, que mais ficava na oficina do que andava&#8230;<\/p>\n\n\n\n<p>Mesmo assim, nada nos impedia de seguir seguindo, \u00e9 ou n\u00e3o \u00e9 Walt\u00e3o?<\/p>\n\n\n\n<p>&#8230;<\/p>\n\n\n\n<p>Desconfio, amigo, que nossos feitos mais heroicos foram mesmo as estafantes coberturas do Carnaval de S\u00e3o Paulo.<\/p>\n\n\n\n<p>Indo e vindo na tal passarela do samba, no encal\u00e7o da not\u00edcia e das escolas de samba que altaneiras desfilavam indiferentes \u00e0s nossas pautas.<\/p>\n\n\n\n<p>Eram jornadas \u00e9picas.<\/p>\n\n\n\n<p>700 metros da concentra\u00e7\u00e3o at\u00e9 a dispers\u00e3o, Volt\u00e1vamos. Outra escola, outros 700 metros e assim sucessivamente.<\/p>\n\n\n\n<p>Faz as contas do quanto caminh\u00e1vamos.<\/p>\n\n\n\n<p>&#8230;<\/p>\n\n\n\n<p>Detalhe:<\/p>\n\n\n\n<p>N\u00e3o havia transmiss\u00e3o da Globo e hor\u00e1rios r\u00edgidos.<\/p>\n\n\n\n<p>Todas as escolas do Grupo I desfilavam num \u00fanico dia.<\/p>\n\n\n\n<p>Come\u00e7ava por volta das 21 horas do s\u00e1bado e terminavam na manh\u00e3 de domingo sabe Deus quando&#8230;<\/p>\n\n\n\n<p>Fic\u00e1vamos nesses vaiv\u00e9m por mais de doze horas.<\/p>\n\n\n\n<p>Eu, \u00e1s voltas com filigranas dos enredos imprevistos e entrevistados. <\/p>\n\n\n\n<p>Voc\u00ea, \u00e0 procura das melhores imagens.<\/p>\n\n\n\n<p>&#8230;<\/p>\n\n\n\n<p>Hoje me sinto cansado s\u00f3 de ver as chamadas das escolas de samba na TV.<\/p>\n\n\n\n<p>Rapaz, que caos era aquele?<\/p>\n\n\n\n<p>Mas, pergunta a\u00ed, se \u00e0 \u00e9poca quer\u00edamos outra vida&#8230;<\/p>\n\n\n\n<p>Quer\u00edamos?<\/p>\n\n\n\n<p>&#8230;<\/p>\n\n\n\n<p>Grande abra\u00e7o, Walt\u00e3o.<\/p>\n\n\n\n<p>Continue me querendo bem que n\u00e3o custa nada.<\/p>\n\n\n\n<p>&#8230;<\/p>\n\n\n\n<figure class=\"wp-block-embed is-type-rich is-provider-incorporar-manipulador wp-block-embed-incorporar-manipulador wp-embed-aspect-4-3 wp-has-aspect-ratio\"><div class=\"wp-block-embed__wrapper\">\n<iframe loading=\"lazy\" title=\"Paulinho da Viola -  SONHO DE UM CARNAVAL - Chico Buarque de Hollanda\" width=\"800\" height=\"600\" src=\"https:\/\/www.youtube.com\/embed\/W0TeyjjKNXA?feature=oembed\" frameborder=\"0\" allow=\"accelerometer; autoplay; clipboard-write; encrypted-media; gyroscope; picture-in-picture; web-share\" allowfullscreen><\/iframe>\n<\/div><\/figure>\n\n\n\n<p>&#8230;<\/p>\n","protected":false},"excerpt":{"rendered":"<p><em>Foto: Arquivo Pessoal<\/em><\/p>\n<p>&#8230;<\/p>\n<p>\u00c9 do meu amigo e rep\u00f3rter-fotogr\u00e1fico Walter Silva a foto que ilustrou o reportagem com Ney Matogrosso que realizamos em 1979,<\/p>\n","protected":false},"author":1,"featured_media":19294,"comment_status":"open","ping_status":"open","sticky":false,"template":"","format":"standard","meta":{"_exactmetrics_skip_tracking":false,"_exactmetrics_sitenote_active":false,"_exactmetrics_sitenote_note":"","_exactmetrics_sitenote_category":0,"_uf_show_specific_survey":0,"_uf_disable_surveys":false,"footnotes":""},"categories":[5],"tags":[1050,188,42,283,2951],"class_list":["post-28536","post","type-post","status-publish","format-standard","has-post-thumbnail","hentry","category-blog","tag-carnaval","tag-foto","tag-gazeta-do-ipiranga","tag-memorias","tag-walter-silva"],"_links":{"self":[{"href":"https:\/\/rodolfomartino.com.br\/blog\/wp-json\/wp\/v2\/posts\/28536","targetHints":{"allow":["GET"]}}],"collection":[{"href":"https:\/\/rodolfomartino.com.br\/blog\/wp-json\/wp\/v2\/posts"}],"about":[{"href":"https:\/\/rodolfomartino.com.br\/blog\/wp-json\/wp\/v2\/types\/post"}],"author":[{"embeddable":true,"href":"https:\/\/rodolfomartino.com.br\/blog\/wp-json\/wp\/v2\/users\/1"}],"replies":[{"embeddable":true,"href":"https:\/\/rodolfomartino.com.br\/blog\/wp-json\/wp\/v2\/comments?post=28536"}],"version-history":[{"count":6,"href":"https:\/\/rodolfomartino.com.br\/blog\/wp-json\/wp\/v2\/posts\/28536\/revisions"}],"predecessor-version":[{"id":28543,"href":"https:\/\/rodolfomartino.com.br\/blog\/wp-json\/wp\/v2\/posts\/28536\/revisions\/28543"}],"wp:featuredmedia":[{"embeddable":true,"href":"https:\/\/rodolfomartino.com.br\/blog\/wp-json\/wp\/v2\/media\/19294"}],"wp:attachment":[{"href":"https:\/\/rodolfomartino.com.br\/blog\/wp-json\/wp\/v2\/media?parent=28536"}],"wp:term":[{"taxonomy":"category","embeddable":true,"href":"https:\/\/rodolfomartino.com.br\/blog\/wp-json\/wp\/v2\/categories?post=28536"},{"taxonomy":"post_tag","embeddable":true,"href":"https:\/\/rodolfomartino.com.br\/blog\/wp-json\/wp\/v2\/tags?post=28536"}],"curies":[{"name":"wp","href":"https:\/\/api.w.org\/{rel}","templated":true}]}}