{"id":33143,"date":"2024-12-11T10:00:00","date_gmt":"2024-12-11T10:00:00","guid":{"rendered":"https:\/\/rodolfomartino.com.br\/blog\/?p=33143"},"modified":"2024-12-12T16:29:29","modified_gmt":"2024-12-12T16:29:29","slug":"nao-da-para-esquecer","status":"publish","type":"post","link":"https:\/\/rodolfomartino.com.br\/blog\/nao-da-para-esquecer\/","title":{"rendered":"&#8220;N\u00e3o d\u00e1 para esquecer&#8221;"},"content":{"rendered":"\n<p><em>Foto: Alile Dara Onawale\/Sony Pictures<\/em><\/p>\n\n\n\n<p>&#8230;<\/p>\n\n\n\n<p>Minha interlocutora, a jovem J\u00falia, me faz a pergunta que lhe inquieta o senso e alma:<\/p>\n\n\n\n<p>\u2013 \u00c9 verdade mesmo tudo o que se v\u00ea no filme Ainda Estou Aqui? Jura que vivemos todo esse horror no Brasil?<\/p>\n\n\n\n<p>&#8230;<\/p>\n\n\n\n<p>O atento leitor j\u00e1 p\u00f4de perceber que a mo\u00e7a se refere ao pungente filme (de Walter Salles) sobre a pris\u00e3o, tortura e assassinato do ex-deputado Rubem Paiva pelos asseclas da ditadura militar que assombrou nosso pa\u00eds por 21 anos, de 1964 a 1985.<\/p>\n\n\n\n<p>A produ\u00e7\u00e3o est\u00e1 em cartaz em v\u00e1rios cinemas com destaque para as elogiad\u00edssimas atua\u00e7\u00f5es de Fernanda Torres (indicada como melhor atriz ao Globo de Ouro) e Selton Mello.<\/p>\n\n\n\n<p>Fala-se at\u00e9 em indica\u00e7\u00e3o para o Oscar&#8230;<\/p>\n\n\n\n<p>No cerne do roteiro, o Brasil e suas tribula\u00e7\u00f5es na virada dos anos 60 para os 70. Um tempo de opress\u00e3o, crueldade e total desrespeito aos direitos cidad\u00e3os e democr\u00e1tico.<\/p>\n\n\n\n<p>&#8230;<\/p>\n\n\n\n<p>Voltemos ao questionamento que J\u00falia me faz e que me deixa em sil\u00eancio por prolongados segundos.<\/p>\n\n\n\n<p>Como posso lhe responder?<\/p>\n\n\n\n<p>\u2013 Foi bem pior, digo com ares de quem gostaria de encerrar o tema por aqui.<\/p>\n\n\n\n<p>\u2013 Entendo, diz ela.<\/p>\n\n\n\n<p>Quer dizer, entende mais ou menos.<\/p>\n\n\n\n<p>Pois, curiosa, n\u00e3o se cont\u00e9m e comenta, com sabedoria:<\/p>\n\n\n\n<p>\u2013 Deve mesmo ser bem dif\u00edcil para quem viveu aquele per\u00edodo reencontrar na tela aquela realidade tr\u00e1gica sem se emocionar.<\/p>\n\n\n\n<p>&#8230;<\/p>\n\n\n\n<p>Balan\u00e7o a cabe\u00e7a a concordar com a an\u00e1lise.<\/p>\n\n\n\n<p>Quebro meu sil\u00eancio, por\u00e9m, para lhe dizer que fui uma esp\u00e9cie de Forrest Gump daquele per\u00edodo. N\u00e3o cheguei a ser sofrer diretamente os horrores dos trogloditas. Apesar de que todo jovem cabeludo ou com ares de hiponga fosse suspeito.<\/p>\n\n\n\n<p>Ainda no tempo do curso de Jornalismo da Escola de Comunica\u00e7\u00e3o e Artes da Universidade de S\u00e3o Paulo, alguns colegas foram presos e torturados pelo DOI\/CODI e um dos nossos professores, o jornalista <strong><a href=\"https:\/\/www.rodolfomartino.com.br\/blog\/vlado-40-anos-depois\/\">Vladimir Herzog<\/a><\/strong>, foi brutalmente assassinado pelos capangas de verde-oliva, em 1975.<\/p>\n\n\n\n<p>Depois em meus primeiros anos como jornalista, havia o assombramento com a censura e era comum chegar, ao jornal, informa\u00e7\u00f5es detalhadas dos desmandos da tigrada.<\/p>\n\n\n\n<p>Sob o tac\u00e3o e a vigil\u00e2ncia dos opressores, nada pod\u00edamos noticiar.<\/p>\n\n\n\n<p>&#8230;<\/p>\n\n\n\n<p>N\u00e3o \u00e9 um assunto bom de lembrar, esclare\u00e7o \u00e0 mo\u00e7a.<\/p>\n\n\n\n<p>Mas, fa\u00e7o a ressalva, sejam quais forem as circunst\u00e2ncias, \u201cn\u00e3o d\u00e1 para esquecer\u201d.<\/p>\n\n\n\n<p>J\u00falia ainda me pergunta sobre o filme propriamente dito.<\/p>\n\n\n\n<p>Fico feliz com o interesse da mo\u00e7a.<\/p>\n\n\n\n<p>Mas, isso, disse a ela, \u00e9 uma boa deixa para o post\/cr\u00f4nica de amanh\u00e3.<\/p>\n\n\n\n<p>Est\u00e3o curiosos?<\/p>\n\n\n\n<p>&#8230;<\/p>\n\n\n\n<figure class=\"wp-block-embed is-type-video is-provider-youtube wp-block-embed-youtube wp-embed-aspect-16-9 wp-has-aspect-ratio\"><div class=\"wp-block-embed__wrapper\">\n<iframe loading=\"lazy\" title=\"Ainda Estou Aqui | Trailer Oficial\" width=\"800\" height=\"450\" src=\"https:\/\/www.youtube.com\/embed\/qddo7XLa3Tc?feature=oembed\" frameborder=\"0\" allow=\"accelerometer; autoplay; clipboard-write; encrypted-media; gyroscope; picture-in-picture; web-share\" referrerpolicy=\"strict-origin-when-cross-origin\" allowfullscreen><\/iframe>\n<\/div><\/figure>\n\n\n\n<p>&#8230;<\/p>\n\n\n\n<p>&#8211; <\/p>\n\n\n\n<p>&#8211; <\/p>\n","protected":false},"excerpt":{"rendered":"<p><em>Foto: Alile Dara Onawale\/Sony Pictures<\/em><\/p>\n<p>&#8230;<\/p>\n<p>Minha interlocutora, a jovem J\u00falia, me faz a pergunta que lhe inquieta o senso e alma:<\/p>\n<p>\u2013 \u00c9 verdade mesmo tudo o que se v\u00ea no filme Ainda Estou Aqui?<\/p>\n","protected":false},"author":1,"featured_media":33145,"comment_status":"open","ping_status":"open","sticky":false,"template":"","format":"standard","meta":{"_exactmetrics_skip_tracking":false,"_uf_show_specific_survey":0,"_uf_disable_surveys":false,"footnotes":""},"categories":[5],"tags":[4233,4235,158,4276,4277,283,4234,4275],"class_list":["post-33143","post","type-post","status-publish","format-standard","has-post-thumbnail","hentry","category-blog","tag-ainda-estou-aqui","tag-fernanda-torres","tag-filme","tag-globo-de-ouro","tag-julia","tag-memorias","tag-selton-mello","tag-walter-sales"],"_links":{"self":[{"href":"https:\/\/rodolfomartino.com.br\/blog\/wp-json\/wp\/v2\/posts\/33143","targetHints":{"allow":["GET"]}}],"collection":[{"href":"https:\/\/rodolfomartino.com.br\/blog\/wp-json\/wp\/v2\/posts"}],"about":[{"href":"https:\/\/rodolfomartino.com.br\/blog\/wp-json\/wp\/v2\/types\/post"}],"author":[{"embeddable":true,"href":"https:\/\/rodolfomartino.com.br\/blog\/wp-json\/wp\/v2\/users\/1"}],"replies":[{"embeddable":true,"href":"https:\/\/rodolfomartino.com.br\/blog\/wp-json\/wp\/v2\/comments?post=33143"}],"version-history":[{"count":3,"href":"https:\/\/rodolfomartino.com.br\/blog\/wp-json\/wp\/v2\/posts\/33143\/revisions"}],"predecessor-version":[{"id":33156,"href":"https:\/\/rodolfomartino.com.br\/blog\/wp-json\/wp\/v2\/posts\/33143\/revisions\/33156"}],"wp:featuredmedia":[{"embeddable":true,"href":"https:\/\/rodolfomartino.com.br\/blog\/wp-json\/wp\/v2\/media\/33145"}],"wp:attachment":[{"href":"https:\/\/rodolfomartino.com.br\/blog\/wp-json\/wp\/v2\/media?parent=33143"}],"wp:term":[{"taxonomy":"category","embeddable":true,"href":"https:\/\/rodolfomartino.com.br\/blog\/wp-json\/wp\/v2\/categories?post=33143"},{"taxonomy":"post_tag","embeddable":true,"href":"https:\/\/rodolfomartino.com.br\/blog\/wp-json\/wp\/v2\/tags?post=33143"}],"curies":[{"name":"wp","href":"https:\/\/api.w.org\/{rel}","templated":true}]}}