{"id":33168,"date":"2024-12-13T10:00:00","date_gmt":"2024-12-13T10:00:00","guid":{"rendered":"http:\/\/rodolfomartino.com.br\/blog\/?p=33168"},"modified":"2024-12-13T19:39:23","modified_gmt":"2024-12-13T19:39:23","slug":"dudu-a-despedida-sem-festa","status":"publish","type":"post","link":"https:\/\/rodolfomartino.com.br\/blog\/dudu-a-despedida-sem-festa\/","title":{"rendered":"Dudu, a despedida sem festa"},"content":{"rendered":"\n<p><em>Foto: Instagram\/Dudu<\/em><\/p>\n\n\n\n<p>&#8230;<\/p>\n\n\n\n<p>Como diria o destemido Waltinho Cazuza, beque central do segundinho do glorioso, inesquec\u00edvel e varzeano Santos Futebol Clube do Cambuci&#8230;<\/p>\n\n\n\n<p>&#8220;Menas, gente! Menas&#8230;&#8221;.<\/p>\n\n\n\n<p>&#8230;<\/p>\n\n\n\n<p>Leio as not\u00edcias da sa\u00edda do atacante Dudu do meu Palmeiras &#8211; e me pergunto em que mundo vivem os bocas-frouxas da chamada cr\u00f4nica esportiva, com grosso alento da tal m\u00eddia palestrina (a turma do amendoim, vers\u00e3o torneada de nutela) e das indigestas redes sociais? <\/p>\n\n\n\n<p>Todos clamam e reclamam de uma festa de despedida ao &#8220;\u00eddolo&#8221; de uma gera\u00e7\u00e3o, com pasagem de uma d\u00e9cada pelo Palestra e conquista de t\u00edtulos e mais t\u00edtulos.<\/p>\n\n\n\n<p>Que ingratid\u00e3o! &#8211; buzinam aos quatro cantos.<\/p>\n\n\n\n<p>E descem o cacete na atual diretoria, tornando alvo de pancadas o diretor Anderson Barros e a presidente Leila Pereira. Sobrou at\u00e9 para o tamb\u00e9m multicampe\u00e3o Abel Ferreira que, invertebrado, n\u00e3o deu a devida minutagem em campo ao propalado \u00eddolo em campo.<\/p>\n\n\n\n<p>&#8220;Menas, gente! Menas. Reconhecimento de patr\u00e3o \u00e9 sal\u00e1rio na conta do trabalhador.&#8221;<\/p>\n\n\n\n<p>&#8230;<\/p>\n\n\n\n<p>Ser\u00e1 mesmo que um jogo entre os Amigos de Dudu e um bala-mistura formado por boleiros veteranos, influenciadores, sertanojos e assemelhados no templo sagrado do Allianz Parque, com entrada franqueada aos torcedores mediante prendas de uma campanha de Natal, daria conta de satisfazer a ululante indigna\u00e7\u00e3o dos faladores de plant\u00e3o em busca de cliques?<\/p>\n\n\n\n<p>Talvez uma cerim\u00f4nia festiva no jogo final do campeonato quando o meu Verd\u00e3o tomou um chocolate do mambembe Fluminense fosse o mais adequado? <\/p>\n\n\n\n<p>O que acham?<\/p>\n\n\n\n<p>&#8230;<\/p>\n\n\n\n<p>Vamos aos fatos.<\/p>\n\n\n\n<p>Enumero.<\/p>\n\n\n\n<p>1 &#8211; Dudu, o craque de um era, indiscut\u00edvel isso, ficou um ano e tanto longe do campo de jogo em raz\u00e3o de uma grave contus\u00e3o no joelho. Todos lamentamos. At\u00e9 alguns amigos n\u00e3o palmeirenses foram solid\u00e1rios \u00e0 minha tristeza por ocasi\u00e3o da contus\u00e3o. <\/p>\n\n\n\n<p>2 &#8211; \u00c9 bem verdade que o craque n\u00e3o vinha l\u00e1 t\u00e3o bem quanto em outras jornadas. Mesmo assim, era reconhecidamente o craque do time.<\/p>\n\n\n\n<p>3 &#8211; Tratou-se com afinco em todo o per\u00edodo nas modernas instala\u00e7\u00f5es do Departamento M\u00e9dico do clube. Fez jus ao 2 pilas e quequerecos que recebe mensal e pontualmente.<\/p>\n\n\n\n<p>4 &#8211; Mesmo campe\u00e3o brasileiro em 2023, era a ineg\u00e1vel, entre torcedores, a expectativa pela volta do n\u00famero 7.<\/p>\n\n\n\n<p>5 &#8211; No in\u00edcio deste ano, quando j\u00e1 se comentava fortemente que Dudu logo estaria em campo, veio a ducha de \u00e1gua fria, gelada, que tsunamizou a alma e a esperan\u00e7a dos palestrinos: por livre e espont\u00e2nea vontade do boleiro e do seu estafe, Dudu estava negociando sua ida para o Cruzeiro, obviamente em busca de novos ares e um contrato igualmente milion\u00e1rio e mais longo. Um direito, registre-se, que todo o profissional tem.<\/p>\n\n\n\n<p>6 &#8211; Mesmo pega de surpresa pela decis\u00e3o unilateral, a diretoria palmeirense se acertou com a do time mineiro e deu como favas contadas a negocia\u00e7\u00e3o. Ningu\u00e9m \u00e9 obrigado a estar onde n\u00e3o deseja, independente do motivo que for. O Cruzeiro anuncia a contra\u00e7\u00e3o.<\/p>\n\n\n\n<p>7 &#8211; Nesse meio tempo, Dudu recebe representantes de uma das organizadas do palmeirense. Toma uma doce enquadrada &#8211; e, tamb\u00e9m docemente, se arrepende do que havia planejado para a carreira. Docemente n\u00e3o quer mais sair.<\/p>\n\n\n\n<p>8 &#8211; A presidente Leila Pereira n\u00e3o perdoa. Diz com todas as letras. Dudu deveria honrar o compromisso que assumiu, por livre arb\u00edtrio, com o Cruzeiro. <\/p>\n\n\n\n<p>9 &#8211; N\u00e3o foi o que aconteceu. De volta aos gramados (sint\u00e9ticos ou n\u00e3o), Dudu vai se readaptando pouco a pouco. Fica claro que n\u00e3o \u00e9 mais o mesmo jogador. Est\u00e1 sem velocidade, sem punch. Ainda que tecnicamente sabe o que faz com a bola.<\/p>\n\n\n\n<p>10 &#8211; N\u00e3o consegue se firmar como titular. E t\u00eam in\u00edcio os rumores de que vai deixar o Palmeiras no final da temporada.<\/p>\n\n\n\n<p>&#8230;<\/p>\n\n\n\n<p>Relato, acima, a cronologia dos fatos.<\/p>\n\n\n\n<p>Fim da temporada.<\/p>\n\n\n\n<p>Dudu viaja na manh\u00e3 de segunda-feira ap\u00f3s a tosca partida contra o Fluminense. Sai de f\u00e9rias para os Estados Unidos. Decis\u00e3o est\u00e1 tomada. Quer livrar-se de qualquer emboscada&#8230; do destino. Seus empres\u00e1rios e advogados cuidam do distrato com o Verd\u00e3o. <\/p>\n\n\n\n<p>O que s\u00f3 aconteceu na manh\u00e3 de ontem.<\/p>\n\n\n\n<p>Ah, mas e a festa de despedida!!! Palmeiras, ingrato! Leila, Barros, Abel. Os tr\u00eas contra o Dudu.<\/p>\n\n\n\n<p>&#8230;<\/p>\n\n\n\n<p>Tenho a sincera impress\u00e3o &#8211; e lamento em nome do amarfanhado jornalismo que hoje se pratica &#8211; que a tigrada n\u00e3o l\u00ea as not\u00edcias que eles pr\u00f3prios publicam. <\/p>\n\n\n\n<p>&#8230;<\/p>\n\n\n\n<p>De qualquer forma, todo o meu reconhecimento ao Dudu pelas alegrias e ta\u00e7as e conquistas que deu aos palmeirenses nesses 10 anos de clube. Um dos grandes nomes &#8211; talvez o principal &#8211; de toda uma era vitoriosa&#8230; Seja feliz, campe\u00e3o, em sua nova casa. <\/p>\n\n\n\n<p>Ah, em tempo, achei bonito aquela imagem em que voc\u00ea aparece com os filhos e a esposa no gramado do Allianz ap\u00f3s o jogo contra o Fluminense. Me pareceu que oravam e agradeciam as gra\u00e7as recebidas&#8230; S\u00f3 uma impress\u00e3o, n\u00e3o sei. Ficou um tanto teatral, n\u00e3o? Deu m\u00eddia, e talvez seja o gatilho de tanta fala\u00e7\u00e3o&#8230; <\/p>\n\n\n\n<p>Enfim&#8230;<\/p>\n\n\n\n<p>Como diria o saudoso Jo\u00e3o Saldanha:<\/p>\n\n\n\n<p>Vida que segue!<\/p>\n\n\n\n<p>&#8230;<\/p>\n\n\n\n<figure class=\"wp-block-embed is-type-video is-provider-youtube wp-block-embed-youtube wp-embed-aspect-4-3 wp-has-aspect-ratio\"><div class=\"wp-block-embed__wrapper\">\n<iframe loading=\"lazy\" title=\"Eu Falso Da Minha Vida O Que Eu Quiser\" width=\"800\" height=\"600\" src=\"https:\/\/www.youtube.com\/embed\/-axr-qyOubo?feature=oembed\" frameborder=\"0\" allow=\"accelerometer; autoplay; clipboard-write; encrypted-media; gyroscope; picture-in-picture; web-share\" referrerpolicy=\"strict-origin-when-cross-origin\" allowfullscreen><\/iframe>\n<\/div><\/figure>\n\n\n\n<p>&#8230;<\/p>\n\n\n\n<p>*Aproveitei os ares enigm\u00e1ticos da sexta-feira, 13, para soltar meus fantasmas de torcedor.<\/p>\n\n\n\n<p><\/p>\n\n\n\n<p><\/p>\n","protected":false},"excerpt":{"rendered":"<p><em>Foto: Instagram\/Dudu<\/em><\/p>\n<p>&#8230;<\/p>\n<p>Como diria o destemido Waltinho Cazuza, beque central do segundinho do glorioso, inesquec\u00edvel e varzeano Santos Futebol Clube do Cambuci&#8230;<\/p>\n<p>&#8220;Menas,<\/p>\n","protected":false},"author":1,"featured_media":33178,"comment_status":"open","ping_status":"open","sticky":false,"template":"","format":"standard","meta":{"_exactmetrics_skip_tracking":false,"_uf_show_specific_survey":0,"_uf_disable_surveys":false,"footnotes":""},"categories":[5],"tags":[2188,4279,3280,3874,75,4278,3340,52,2104],"class_list":["post-33168","post","type-post","status-publish","format-standard","has-post-thumbnail","hentry","category-blog","tag-abel-ferreira","tag-anderson-barros","tag-cazuza","tag-dudu","tag-futebol","tag-jogo-de-despedida","tag-leila-pereira","tag-palmeiras","tag-verdao"],"_links":{"self":[{"href":"https:\/\/rodolfomartino.com.br\/blog\/wp-json\/wp\/v2\/posts\/33168","targetHints":{"allow":["GET"]}}],"collection":[{"href":"https:\/\/rodolfomartino.com.br\/blog\/wp-json\/wp\/v2\/posts"}],"about":[{"href":"https:\/\/rodolfomartino.com.br\/blog\/wp-json\/wp\/v2\/types\/post"}],"author":[{"embeddable":true,"href":"https:\/\/rodolfomartino.com.br\/blog\/wp-json\/wp\/v2\/users\/1"}],"replies":[{"embeddable":true,"href":"https:\/\/rodolfomartino.com.br\/blog\/wp-json\/wp\/v2\/comments?post=33168"}],"version-history":[{"count":7,"href":"https:\/\/rodolfomartino.com.br\/blog\/wp-json\/wp\/v2\/posts\/33168\/revisions"}],"predecessor-version":[{"id":33185,"href":"https:\/\/rodolfomartino.com.br\/blog\/wp-json\/wp\/v2\/posts\/33168\/revisions\/33185"}],"wp:featuredmedia":[{"embeddable":true,"href":"https:\/\/rodolfomartino.com.br\/blog\/wp-json\/wp\/v2\/media\/33178"}],"wp:attachment":[{"href":"https:\/\/rodolfomartino.com.br\/blog\/wp-json\/wp\/v2\/media?parent=33168"}],"wp:term":[{"taxonomy":"category","embeddable":true,"href":"https:\/\/rodolfomartino.com.br\/blog\/wp-json\/wp\/v2\/categories?post=33168"},{"taxonomy":"post_tag","embeddable":true,"href":"https:\/\/rodolfomartino.com.br\/blog\/wp-json\/wp\/v2\/tags?post=33168"}],"curies":[{"name":"wp","href":"https:\/\/api.w.org\/{rel}","templated":true}]}}