{"id":33241,"date":"2024-12-20T08:00:00","date_gmt":"2024-12-20T08:00:00","guid":{"rendered":"https:\/\/rodolfomartino.com.br\/blog\/?p=33241"},"modified":"2024-12-22T01:11:58","modified_gmt":"2024-12-22T01:11:58","slug":"as-mais-mais-do-ano","status":"publish","type":"post","link":"https:\/\/rodolfomartino.com.br\/blog\/as-mais-mais-do-ano\/","title":{"rendered":"As mais mais do ano"},"content":{"rendered":"\n<p><em>A mais bela foto que o Blog publicou neste ano: o clique do fot\u00f3grafo Leonardo Sens &#8211; em Niter\u00f3i, na regi\u00e3o metropolitana do Rio de Janeiro, a 11 quil\u00f4metros do Cristo Redentor &#8211; encurtou a dist\u00e2ncia entre o monumento e a Lua<\/em><\/p>\n\n\n\n<p>&#8230;<\/p>\n\n\n\n<p>Este \u00e9 o ducent\u00e9simo quadrag\u00e9simo oitavo post do ano.<\/p>\n\n\n\n<p>Em algarismo romano, CCXLVIII (quase o tamanho da camisa que uso).<\/p>\n\n\n\n<p>No popular, por 248 vezes, dei a cara por aqui em nosso humilde Blog.<\/p>\n\n\n\n<p>Grat\u00edssimo por me aturarem &#8211; e, vez ou outra, seja nos coment\u00e1rios, seja no zap, seja ao telefone (o Escova, por exemplo, \u00e9 mestre em ligar fora de hora), at\u00e9 reagirem \u00e0s bobagens que eu escrevo e publico.<\/p>\n\n\n\n<p>&#8230;<\/p>\n\n\n\n<p>Se me permitem, aproveito o clim\u00e3o de fim de ano, quando exalamos um ineg\u00e1vel odor de santidade, para lhes trazer meia-d\u00fazia de bastidores sobre o Blog.<\/p>\n\n\n\n<p>O Blog est\u00e1 prestes a completar 18 anos e tr\u00eas meses. Minha primeira postagem &#8211; <strong><a href=\"https:\/\/www.rodolfomartino.com.br\/blog\/tocar-um-blog\/\">Tocar um Blog<\/a><\/strong> &#8211; se deu em 25 de setembro de 2006.<\/p>\n\n\n\n<p>N\u00e3o tenho, com precis\u00e3o, o n\u00famero total de cliques recebidos. O Blog passou por tr\u00eas formatos diferentes, por tr\u00eas ou quatro anos andou pendurado no UOL, usei diversas plataformas para medi\u00e7\u00e3o da audi\u00eancia&#8230; enfim, o resultado dessas mudan\u00e7as \u00e9 que n\u00e3o tenho no\u00e7\u00e3o de quantas pessoas acessaram o Blog nesse per\u00edodo.<\/p>\n\n\n\n<p>N\u00e3o preciso dizer, mas digo: n\u00e3o somos um campe\u00e3o de audi\u00eancia, mas os que aqui chegam o fazem com carinho e sinceridade. Tudo gente boa.<\/p>\n\n\n\n<p>&#8230;<\/p>\n\n\n\n<p>Neste ano, leio vejo no Google Analytics que:<\/p>\n\n\n\n<p>&#8211; o tempo m\u00e9dio do usu\u00e1rio ativo \u00e9 de 3 minutos e 29 segundos;<\/p>\n\n\n\n<p>&#8211; Brasil, Estados Unidos e Portugal s\u00e3o os pa\u00edses que registram mais acessos;<\/p>\n\n\n\n<p>&#8211; s\u00e3o 326 comet\u00e1rios recebidos na plataforma. (Imagino aqui que as campe\u00e3s de postagens s\u00e3o as amigas Ver\u00f2nica Aravena que mora atualmente no Chile e a Leila Kiyomura, dileta rep\u00f3rter do Jornal da USP).<\/p>\n\n\n\n<p>&#8230;<\/p>\n\n\n\n<p>Pelo marcador do UOL Host, fico sabendo que:<\/p>\n\n\n\n<p>&#8211; novembro foi o m\u00eas de maior n\u00famero de acessios do ano: 5347 visitantes;<\/p>\n\n\n\n<p>&#8211; m\u00e9dia de 178,6 visitantes\/dia.<\/p>\n\n\n\n<p>&#8230;<\/p>\n\n\n\n<p>Volto ao Google Analytics para duas outras curiosidades:<\/p>\n\n\n\n<p>As postagens mais lidas em cada um dos \u00faltimos cinco meses:<\/p>\n\n\n\n<p>&#8211; em agosto,<strong> <a href=\"https:\/\/www.rodolfomartino.com.br\/blog\/gracias-pepe\/\">Gracias, Pepe<\/a><\/strong><\/p>\n\n\n\n<p>&#8211; em setembro,<strong><a href=\"https:\/\/www.rodolfomartino.com.br\/blog\/homenagem-ao-almir\/\"> Homenagem ao Almir<\/a><\/strong><\/p>\n\n\n\n<p>&#8211; em outubro, <strong><a href=\"https:\/\/www.rodolfomartino.com.br\/blog\/dona-yolanda-100-anos\/\">Dona Yolanda, 100 anos<\/a><\/strong><\/p>\n\n\n\n<p>&#8211; em novembro, <strong><a href=\"https:\/\/www.rodolfomartino.com.br\/blog\/mestre-nasci-completaria-90-anos\/\">Mestre Nasci complearia 90 anos<\/a><\/strong><\/p>\n\n\n\n<p>&#8211; em dezembro, <strong><a href=\"https:\/\/www.rodolfomartino.com.br\/blog\/sambas-que-o-waltinho-cantava\/\">Sambas que o Waltinho cantava<\/a><\/strong><\/p>\n\n\n\n<p>&#8230;<\/p>\n\n\n\n<p>Cabe aqui um breve coment\u00e1rio.<\/p>\n\n\n\n<p>Reparo que o amigo leitor, ao menos neste espa\u00e7o, n\u00e3o prende sua escolha de leitura e partipa\u00e7\u00e3o a nenhum fato bomb\u00e1stico, de ampla cobertura midi\u00e1tica e que consta das grandes manchetes do dia. Vale a frase secular do escritor Lev Tolst\u00f3i que ouvi do jornalista Mino Carta quando eu o entrevistei, na d\u00e9cada de 70, sobre a imprensa regional paulistana: &#8220;Para ser universal, basta falar da sua aldeia&#8221;.<\/p>\n\n\n\n<p>Achei interessante.<\/p>\n\n\n\n<p>&#8230;<\/p>\n\n\n\n<p>Outra listagem. A que nos revela, com surpresas, os textos que escrevi em outros anos e que resistem entren os mais acessados deste 2024.<\/p>\n\n\n\n<p>Confiram!<\/p>\n\n\n\n<p>&#8211; <strong><a href=\"https:\/\/www.rodolfomartino.com.br\/blog\/a-lua-e-eu-a-cancao\/\">a Lua e Eu, a can\u00e7\u00e3o<\/a><\/strong> (mar\u00e7o de 2007)<\/p>\n\n\n\n<p>&#8211; &#8220;<strong><a href=\"https:\/\/www.rodolfomartino.com.br\/blog\/uma-ova\/\">Uma ova!&#8221;<\/a><\/strong> (setembro de 2014)<\/p>\n\n\n\n<p>&#8211; <a href=\"https:\/\/www.rodolfomartino.com.br\/blog\/a-charada\/\">A Charada<\/a> (fevereiro de 2017)<\/p>\n\n\n\n<p>&#8211; <strong><a href=\"https:\/\/www.rodolfomartino.com.br\/blog\/br-3\/\">BR-3<\/a><\/strong> (fevereiro de 2016)<\/p>\n\n\n\n<p>&#8211; <strong><a href=\"https:\/\/www.rodolfomartino.com.br\/blog\/br-3\/\">Sobre mim<\/a><\/strong> (autobiografia de apresenta\u00e7\u00e3o do Blog)<\/p>\n\n\n\n<p>&#8211; <strong><a href=\"https:\/\/www.rodolfomartino.com.br\/blog\/?s=Poema+de+Natal\">Poema de Natal<\/a><\/strong> (dezembro de 2023)<\/p>\n\n\n\n<p>(Misteriosas escolhas. Afora a oportuna sazonalidade da escolha da postagem Poema de Natal (afinal, estamos em plena v\u00e9spera do Natal), n\u00e3o tenho qualquer explica\u00e7\u00e3o para as demais escolhas. De qualquer forma, como diria o amigo Chalita, antigo comerciante no Ponto F\u00e1brica do Sacom\u00e3, &#8220;o cliente tem sempre raz\u00e3o&#8221;. No caso deste amarfanhado escrevinhador, a op\u00e7\u00e3o de leitura \u00e9 direito inalien\u00e1vel do leitor.)<\/p>\n\n\n\n<p>&#8230;<\/p>\n\n\n\n<p>J\u00e1 que estamos no pique de &#8216;as mais_mais&#8217;, fa\u00e7o a postagem da can\u00e7\u00e3o que mais me emocionou neste ano.<\/p>\n\n\n\n<p>Pura emo\u00e7\u00e3o!<\/p>\n\n\n\n<figure class=\"wp-block-embed is-type-video is-provider-youtube wp-block-embed-youtube wp-embed-aspect-16-9 wp-has-aspect-ratio\"><div class=\"wp-block-embed__wrapper\">\n<iframe loading=\"lazy\" title=\"Rita Lee, Roberto De Carvalho - Voando (Nel Blu Dipinto Di Blu)\" width=\"800\" height=\"450\" src=\"https:\/\/www.youtube.com\/embed\/RS9Tbr2jTho?feature=oembed\" frameborder=\"0\" allow=\"accelerometer; autoplay; clipboard-write; encrypted-media; gyroscope; picture-in-picture; web-share\" referrerpolicy=\"strict-origin-when-cross-origin\" allowfullscreen><\/iframe>\n<\/div><\/figure>\n\n\n\n<p>&#8230;<\/p>\n","protected":false},"excerpt":{"rendered":"<p><em>A mais bela foto que o Blog publicou neste ano: o clique do fot\u00f3grafo Leonardo Sens &#8211; em Niter\u00f3i, na regi\u00e3o metropolitana do Rio de Janeiro, a 11 quil\u00f4metros do Cristo Redentor &#8211;<\/em><\/p>\n","protected":false},"author":1,"featured_media":32093,"comment_status":"open","ping_status":"open","sticky":false,"template":"","format":"standard","meta":{"_exactmetrics_skip_tracking":false,"_exactmetrics_sitenote_active":false,"_exactmetrics_sitenote_note":"","_exactmetrics_sitenote_category":0,"_uf_show_specific_survey":0,"_uf_disable_surveys":false,"footnotes":""},"categories":[5],"tags":[4148,212,4301,84,3953,278,320,4303,4302,215,2501,1143,4304,4305,726],"class_list":["post-33241","post","type-post","status-publish","format-standard","has-post-thumbnail","hentry","category-blog","tag-4148","tag-almir","tag-audiencia","tag-blog","tag-cristo-redentor","tag-dona-yolanda","tag-fotografia","tag-google-analytics","tag-leonardo-sens","tag-nasci","tag-pepe-mujica","tag-rita-lee","tag-uol-host","tag-voando","tag-waltinho"],"_links":{"self":[{"href":"https:\/\/rodolfomartino.com.br\/blog\/wp-json\/wp\/v2\/posts\/33241","targetHints":{"allow":["GET"]}}],"collection":[{"href":"https:\/\/rodolfomartino.com.br\/blog\/wp-json\/wp\/v2\/posts"}],"about":[{"href":"https:\/\/rodolfomartino.com.br\/blog\/wp-json\/wp\/v2\/types\/post"}],"author":[{"embeddable":true,"href":"https:\/\/rodolfomartino.com.br\/blog\/wp-json\/wp\/v2\/users\/1"}],"replies":[{"embeddable":true,"href":"https:\/\/rodolfomartino.com.br\/blog\/wp-json\/wp\/v2\/comments?post=33241"}],"version-history":[{"count":7,"href":"https:\/\/rodolfomartino.com.br\/blog\/wp-json\/wp\/v2\/posts\/33241\/revisions"}],"predecessor-version":[{"id":33253,"href":"https:\/\/rodolfomartino.com.br\/blog\/wp-json\/wp\/v2\/posts\/33241\/revisions\/33253"}],"wp:featuredmedia":[{"embeddable":true,"href":"https:\/\/rodolfomartino.com.br\/blog\/wp-json\/wp\/v2\/media\/32093"}],"wp:attachment":[{"href":"https:\/\/rodolfomartino.com.br\/blog\/wp-json\/wp\/v2\/media?parent=33241"}],"wp:term":[{"taxonomy":"category","embeddable":true,"href":"https:\/\/rodolfomartino.com.br\/blog\/wp-json\/wp\/v2\/categories?post=33241"},{"taxonomy":"post_tag","embeddable":true,"href":"https:\/\/rodolfomartino.com.br\/blog\/wp-json\/wp\/v2\/tags?post=33241"}],"curies":[{"name":"wp","href":"https:\/\/api.w.org\/{rel}","templated":true}]}}