{"id":37766,"date":"2026-09-02T09:00:00","date_gmt":"2026-09-02T09:00:00","guid":{"rendered":"https:\/\/rodolfomartino.com.br\/blog\/?p=37766"},"modified":"2026-09-02T15:18:15","modified_gmt":"2026-09-02T15:18:15","slug":"entre-os-25-e-50-anos-de-jornalismo","status":"publish","type":"post","link":"https:\/\/rodolfomartino.com.br\/blog\/entre-os-25-e-50-anos-de-jornalismo\/","title":{"rendered":"Entre os 25 e 50 anos de jornalismo"},"content":{"rendered":"\n<p><em>Foto: Reprodu\u00e7\u00e3o<\/em><\/p>\n\n\n\n<p>&#8230;<\/p>\n\n\n\n<p>Duas ou tr\u00eas semanas atr\u00e1s, a turma de jornalismo do meu filho, Rodolfo Stipp Martino, completou 25 anos de formada&#8230;<\/p>\n\n\n\n<p>Dei boas risadas ao comentar com ele:<\/p>\n\n\n\n<p>&#8220;Parece que foi ontem&#8221;.<\/p>\n\n\n\n<p>Houve encontro festivo e tal e cousa e maripousa.<\/p>\n\n\n\n<p>&#8230;<\/p>\n\n\n\n<p>N\u00e3o preciso dizer, mas digo&#8230;<\/p>\n\n\n\n<p>Que o riso frouxo e um tanto destemperado foi, na verdade, disfarce para o espanto que sempre me causa o inarred\u00e1vel andar dessa carruagem chamada Tempo &amp; Destino.<\/p>\n\n\n\n<p>Vou parafrasear o inesquec\u00edvel Mario Quintana para lhes dizer que foi assim algo como abrir o meu &#8220;Ba\u00fa de Espantos&#8221;.<\/p>\n\n\n\n<p>&#8230;<\/p>\n\n\n\n<p>Calma que eu explico.<\/p>\n\n\n\n<p>Por essa \u00e9poca em 2022, eu e os meus contempor\u00e2neos da turma da Escola de Comunica\u00e7\u00e3o &amp; Artes tamb\u00e9m nos reunimos para festejar os 50 anos de nossa entrada na USP.<\/p>\n\n\n\n<p>Teve um encontro tamb\u00e9m. Recorda\u00e7\u00f5es, discursos e comes-e-bebes. <\/p>\n\n\n\n<p>Foi bonito &#8211; e algo emocionante.<\/p>\n\n\n\n<p>&#8230;<\/p>\n\n\n\n<p>No final deste ano, vamos bater os 50 anos de formados tamb\u00e9m.<\/p>\n\n\n\n<p>Desconfio que n\u00e3o haver\u00e1 celebra\u00e7\u00e3o.<\/p>\n\n\n\n<p>Explico.<\/p>\n\n\n\n<p>N\u00e3o tenho clareza se todos nos formamos em dezembro de 1976. Muitos ficaram mais um tempinho por ali por conta das greves que ocorreram por motivos generalizados (ora por quest\u00f5es curriculares, ora por ferrenha oposi\u00e7\u00e3o aos ditadores de plant\u00e3o) e tamb\u00e9m, e principalmente, pelos dias de luto em mem\u00f3ria do professor Vladimir Herzog, assassinado nos por\u00f5es do DOI\/CODI em S\u00e3o Paulo, em outubro de 1975.<\/p>\n\n\n\n<p>Houve quem, como eu, esticou a jornada por conta de uma ou outra DP.<\/p>\n\n\n\n<p>Talvez porque fosse concernente ao contexto pesad\u00e3o dos anos 70, n\u00e3o houve pompas e circunst\u00e2ncias em nossa conclus\u00e3o do curso. <\/p>\n\n\n\n<p>A cola\u00e7\u00e3o de grau foi na Secretaria da Faculdade &#8211; e olhe l\u00e1.<\/p>\n\n\n\n<p>Assim \u00e9 que era &#8211; e assim foi.<\/p>\n\n\n\n<p>&#8230;<\/p>\n\n\n\n<p>Boas lembran\u00e7as, boas lembran\u00e7as, mas voltemos aos protagonistas do post\/cr\u00f4nica de hoje: os formandos de jornalismo &#8211; turma 2001 da Universidade Metodista de S\u00e3o Paulo.<\/p>\n\n\n\n<p>Quero saud\u00e1-los no Blog e na vida. Hoje e sempre.<\/p>\n\n\n\n<p>Felicitar a todos.<\/p>\n\n\n\n<p>&#8230;<\/p>\n\n\n\n<p>Se eu os conhe\u00e7o?<\/p>\n\n\n\n<p>Ora, meus caros, raros e preclaros leitores, digamos que foi a turma de minha estreia oficial na vida acad\u00eamica.<\/p>\n\n\n\n<p>O rep\u00f3rter que se fez professor.<\/p>\n\n\n\n<p>Pois ent\u00e3o&#8230;<\/p>\n\n\n\n<p>Fui professor do meu filho &#8211; um dos mais tocantes privil\u00e9gios que tive na vida &#8211; e dos seus colegas de classe.<\/p>\n\n\n\n<p>&#8230;<\/p>\n\n\n\n<p>Amorosa coincid\u00eancia.<\/p>\n\n\n\n<p>Eu e ele, cada qual \u00e0 sua maneira, debut\u00e1vamos no campus Rudge Ramos.<\/p>\n\n\n\n<p>Ele, como aplicado aluno do curso de Jornalismo.<\/p>\n\n\n\n<p>E eu, por obra, gra\u00e7a e oportuno convite dos professores Katy Nassar e S\u00e9rgio Rizzo, o rep\u00f3rter que se fez professor da disciplina de Linguagem Jornal\u00edstica na mesma institui\u00e7\u00e3o.<\/p>\n\n\n\n<p>&#8230;<\/p>\n\n\n\n<p>N\u00e3o sei se aprenderam algo em minhas aulas pr\u00e1ticas.<\/p>\n\n\n\n<p>Sei que aprendi muito com eles.<\/p>\n\n\n\n<p>Diria que foi o mergulhar num novo mundo, um rejuvenescimento. Aquela mo\u00e7ada de olhos vivos e esperan\u00e7osos resgatou ali alguns dos meus tr\u00f4pegos sonhos que haviam ficado pelo caminho. (O dia a dia de uma Reda\u00e7\u00e3o, muitas vezes, era &#8211; n\u00e3o sei se ainda \u00e9 &#8211; exasperante. Um corre sem fim. Por tudo e por nada. Diria que mais se trabalha com tristezas e decep\u00e7\u00f5es do que propriamente conquistas e, v\u00e1 l\u00e1, alegrias.)<\/p>\n\n\n\n<p>Foi mesmo um convite para nascer de novo.<\/p>\n\n\n\n<p>Abra\u00e7a\u00e7o a todos&#8230; <\/p>\n\n\n\n<p>(Aos meus contempor\u00e2neos da USP e \u00e0 mo\u00e7ada da Metodista.)<\/p>\n\n\n\n<p>Sigamos!<\/p>\n\n\n\n<p>O passo faz o caminho.<\/p>\n\n\n\n<p>&#8230;<\/p>\n\n\n\n<p><strong>TRILHA SONORA<\/strong><\/p>\n\n\n\n<figure class=\"wp-block-embed is-type-video is-provider-youtube wp-block-embed-youtube wp-embed-aspect-16-9 wp-has-aspect-ratio\"><div class=\"wp-block-embed__wrapper\">\n<iframe loading=\"lazy\" title=\"Carminho e Marisa Monte - Estrada do Sol (Lyric Video)\" width=\"800\" height=\"450\" src=\"https:\/\/www.youtube.com\/embed\/9zI7YZXPyHo?feature=oembed\" frameborder=\"0\" allow=\"accelerometer; autoplay; clipboard-write; encrypted-media; gyroscope; picture-in-picture; web-share\" referrerpolicy=\"strict-origin-when-cross-origin\" allowfullscreen><\/iframe>\n<\/div><\/figure>\n\n\n\n<p>&#8230;<\/p>\n","protected":false},"excerpt":{"rendered":"<p><em>Foto: Reprodu\u00e7\u00e3o<\/em><\/p>\n<p>&#8230;<\/p>\n<p>Duas ou tr\u00eas semanas atr\u00e1s, a turma de jornalismo do meu filho, Rodolfo Stipp Martino, completou 25 anos de formada&#8230;<\/p>\n<p>Dei boas risadas ao comentar com ele:<\/p>\n<p>&#8220;Parece que foi ontem&#8221;.<\/p>\n","protected":false},"author":1,"featured_media":37793,"comment_status":"open","ping_status":"open","sticky":false,"template":"","format":"standard","meta":{"_exactmetrics_skip_tracking":false,"_uf_show_specific_survey":0,"_uf_disable_surveys":false,"footnotes":""},"categories":[5],"tags":[2244,44,5788,135,2549,1144,5789,5787,5786],"class_list":["post-37766","post","type-post","status-publish","format-standard","has-post-thumbnail","hentry","category-blog","tag-eca-usp","tag-jornalismo","tag-kati-nasar","tag-memoria","tag-metodista","tag-rodolfo-stipp-martino","tag-sergio-rizzo","tag-turma-de-1972","tag-turma-de-1998"],"_links":{"self":[{"href":"https:\/\/rodolfomartino.com.br\/blog\/wp-json\/wp\/v2\/posts\/37766","targetHints":{"allow":["GET"]}}],"collection":[{"href":"https:\/\/rodolfomartino.com.br\/blog\/wp-json\/wp\/v2\/posts"}],"about":[{"href":"https:\/\/rodolfomartino.com.br\/blog\/wp-json\/wp\/v2\/types\/post"}],"author":[{"embeddable":true,"href":"https:\/\/rodolfomartino.com.br\/blog\/wp-json\/wp\/v2\/users\/1"}],"replies":[{"embeddable":true,"href":"https:\/\/rodolfomartino.com.br\/blog\/wp-json\/wp\/v2\/comments?post=37766"}],"version-history":[{"count":6,"href":"https:\/\/rodolfomartino.com.br\/blog\/wp-json\/wp\/v2\/posts\/37766\/revisions"}],"predecessor-version":[{"id":37795,"href":"https:\/\/rodolfomartino.com.br\/blog\/wp-json\/wp\/v2\/posts\/37766\/revisions\/37795"}],"wp:featuredmedia":[{"embeddable":true,"href":"https:\/\/rodolfomartino.com.br\/blog\/wp-json\/wp\/v2\/media\/37793"}],"wp:attachment":[{"href":"https:\/\/rodolfomartino.com.br\/blog\/wp-json\/wp\/v2\/media?parent=37766"}],"wp:term":[{"taxonomy":"category","embeddable":true,"href":"https:\/\/rodolfomartino.com.br\/blog\/wp-json\/wp\/v2\/categories?post=37766"},{"taxonomy":"post_tag","embeddable":true,"href":"https:\/\/rodolfomartino.com.br\/blog\/wp-json\/wp\/v2\/tags?post=37766"}],"curies":[{"name":"wp","href":"https:\/\/api.w.org\/{rel}","templated":true}]}}